{"id":410654,"date":"2025-09-10T03:14:22","date_gmt":"2025-09-10T03:14:22","guid":{"rendered":"https:\/\/www.europesays.com\/de\/410654\/"},"modified":"2025-09-10T03:14:22","modified_gmt":"2025-09-10T03:14:22","slug":"karlsruhe-entscheidet-nicht-ueber-regeln-aus-niedersachsen","status":"publish","type":"post","link":"https:\/\/www.europesays.com\/de\/410654\/","title":{"rendered":"Karlsruhe entscheidet nicht \u00fcber Regeln aus Niedersachsen"},"content":{"rendered":"<p class=\"mb-4 text-lg md:leading-8 break-words\">Das nieders\u00e4chsische Tanzverbot an Gr\u00fcndonnerstag und Karfreitag wird nicht zum Fall f\u00fcr das Bundesverfassungsgericht. Karlsruhe erkl\u00e4rte nach Angaben vom Dienstag eine Richtervorlage des Amtsgerichts G\u00f6ttingen f\u00fcr unzul\u00e4ssig, das wissen wollte, ob die Regelungen in Niedersachsen mit dem Grundgesetz vereinbar sind. Das Amtsgericht setzte sich demnach nicht gen\u00fcgend damit auseinander, was das Verfassungsgericht bereits zu Tanzverboten entschied. (Az. 1 BvL 2\/25)<\/p>\n<p class=\"mb-4 text-lg md:leading-8 break-words\">Den Fragen aus G\u00f6ttingen lag der Fall eines Klubbetreibers zugrunde, gegen den die Stadt wegen einer Veranstaltung in der Nacht von Gr\u00fcndonnerstag auf Karfreitag 2024 eine Geldbu\u00dfe verh\u00e4ngte. Er ging dagegen vor Gericht vor. Das Amtsgericht setzte das Verfahren aus und fragte in Karlsruhe nach der Verfassungsm\u00e4\u00dfigkeit der nieders\u00e4chsischen Regelungen.<\/p>\n<p class=\"mb-4 text-lg md:leading-8 break-words\">Es sah m\u00f6gliche Verst\u00f6\u00dfe gegen die Religionsfreiheit, die Freiheit der Berufsaus\u00fcbung und den allgemeinen Gleichheitssatz. So w\u00fcrden Nichtchristen durch die Tanzverbote dazu gezwungen, sich an Gr\u00fcndonnerstag und Karfreitag wie gl\u00e4ubige Christen zu verhalten und an diesen Tagen auf weltliche Vergn\u00fcgungen zu verzichten.<\/p>\n<p class=\"mb-4 text-lg md:leading-8 break-words\">Das Verfassungsgericht verwies nun auf seine Entscheidung zum bayerischen Tanzverbot von 2016. Damit hatte es das strikte Tanz- und Entertainmentverbot am Karfreitag in Bayern gekippt. Ein solches absolutes Verbot k\u00f6nne in Einzelf\u00e4llen gegen die Weltanschauungs- und Versammlungsfreiheit versto\u00dfen. Es m\u00fcsse Ausnahmen geben f\u00fcr besondere Veranstaltungen, die auf den &#8222;\u00f6ffentlichen Meinungsbildungsprozess&#8220; zielten, erkl\u00e4rte das Gericht damals.<\/p>\n<p class=\"mb-4 text-lg md:leading-8 break-words\">Mit diesem Beschluss habe das Amtsgericht sich nicht ausreichend auseinandergesetzt, teilte es nun mit. Beispielsweise erkl\u00e4rte das Amtsgericht demnach nicht, wie die Tanzverbote in Niedersachsen Nichtchristen eine bestimmte innere Haltung abverlangten. Ein Tag d\u00fcrfe als stiller Tag gesch\u00fctzt werden, wenn es nur um den \u00e4u\u00dferen Rahmen geht.<\/p>\n<p class=\"mb-4 text-lg md:leading-8 break-words\">smb\/cfm<\/p>\n","protected":false},"excerpt":{"rendered":"Das nieders\u00e4chsische Tanzverbot an Gr\u00fcndonnerstag und Karfreitag wird nicht zum Fall f\u00fcr das Bundesverfassungsgericht. Karlsruhe erkl\u00e4rte nach Angaben&hellip;\n","protected":false},"author":2,"featured_media":410655,"comment_status":"","ping_status":"","sticky":false,"template":"","format":"standard","meta":{"footnotes":""},"categories":[1844],"tags":[108591,1634,3364,29,30,643,8903,108592,857],"class_list":{"0":"post-410654","1":"post","2":"type-post","3":"status-publish","4":"format-standard","5":"has-post-thumbnail","7":"category-karlsruhe","8":"tag-amtsgerichts-goettingen","9":"tag-baden-wuerttemberg","10":"tag-de","11":"tag-deutschland","12":"tag-germany","13":"tag-karfreitag","14":"tag-karlsruhe","15":"tag-tanzverboten","16":"tag-verbot"},"share_on_mastodon":{"url":"https:\/\/pubeurope.com\/@de\/115177827181004414","error":""},"_links":{"self":[{"href":"https:\/\/www.europesays.com\/de\/wp-json\/wp\/v2\/posts\/410654","targetHints":{"allow":["GET"]}}],"collection":[{"href":"https:\/\/www.europesays.com\/de\/wp-json\/wp\/v2\/posts"}],"about":[{"href":"https:\/\/www.europesays.com\/de\/wp-json\/wp\/v2\/types\/post"}],"author":[{"embeddable":true,"href":"https:\/\/www.europesays.com\/de\/wp-json\/wp\/v2\/users\/2"}],"replies":[{"embeddable":true,"href":"https:\/\/www.europesays.com\/de\/wp-json\/wp\/v2\/comments?post=410654"}],"version-history":[{"count":0,"href":"https:\/\/www.europesays.com\/de\/wp-json\/wp\/v2\/posts\/410654\/revisions"}],"wp:featuredmedia":[{"embeddable":true,"href":"https:\/\/www.europesays.com\/de\/wp-json\/wp\/v2\/media\/410655"}],"wp:attachment":[{"href":"https:\/\/www.europesays.com\/de\/wp-json\/wp\/v2\/media?parent=410654"}],"wp:term":[{"taxonomy":"category","embeddable":true,"href":"https:\/\/www.europesays.com\/de\/wp-json\/wp\/v2\/categories?post=410654"},{"taxonomy":"post_tag","embeddable":true,"href":"https:\/\/www.europesays.com\/de\/wp-json\/wp\/v2\/tags?post=410654"}],"curies":[{"name":"wp","href":"https:\/\/api.w.org\/{rel}","templated":true}]}}