{"id":410661,"date":"2025-09-10T03:18:13","date_gmt":"2025-09-10T03:18:13","guid":{"rendered":"https:\/\/www.europesays.com\/de\/410661\/"},"modified":"2025-09-10T03:18:13","modified_gmt":"2025-09-10T03:18:13","slug":"berlin-stimmung-bei-start-ups-auf-niedrigstem-wert-seit-corona","status":"publish","type":"post","link":"https:\/\/www.europesays.com\/de\/410661\/","title":{"rendered":"Berlin | Stimmung bei Start-ups auf niedrigstem Wert seit Corona"},"content":{"rendered":"<p>Berlin (dpa) &#8211; Die Stimmung unter deutschen Start-ups ist auf den niedrigsten Stand seit der Corona-Krise 2020 gefallen. Die stagnierende Wirtschaft erschwere Gesch\u00e4fte in der Branche, w\u00e4hrend etablierte Firmen weniger in Innovationen investierten, hei\u00dft es in einer neuen Studie des Startup-Verbands. \u00ab\u00c4hnlich wie im ersten Jahr der Pandemie leiden Start-ups unter Unsicherheiten und der damit verbundenen Zur\u00fcckhaltung am Markt.\u00bb<\/p>\n<p>Das Gesch\u00e4ftsklima unter Start-ups sank von 39 Punkten 2024 auf zuletzt 31,7 Z\u00e4hler und damit auf ein vergleichbares Niveau wie 2020. Das Gesch\u00e4ftsklima wird wie der bekannte Ifo-Index berechnet, bestehend aus einer Bewertung der aktuellen Lage und der Aussichten.\u00a0<\/p>\n<p>Lage mau, Zuversicht gr\u00f6\u00dfer<\/p>\n<p>Fast die H\u00e4lfte der Befragten bewertet demnach ihre Lage lediglich als befriedigend, weitere 15 Prozent finden sie schlecht und nur 35 Prozent gut. Bei den Aussichten \u00fcberwiegt dagegen die Zuversicht. Gut die H\u00e4lfte (52 Prozent) rechnet binnen sechs Monaten mit besseren Gesch\u00e4ften, so der Verband. Grundlage der Studie ist der Deutsche Startup Monitor, f\u00fcr den zwischen Juni und August 1.846 Firmen befragt wurden.<\/p>\n<p>\u00abAuch wenn die wirtschaftlichen Unsicherheiten den Druck auf junge Unternehmen erh\u00f6hen, bleibt das Vertrauen in die eigene Innovationskraft und die langfristigen Wachstumsperspektiven gro\u00df\u00bb, sagt Verena Pausder, Vorsitzende des Startup-Verbands.<\/p>\n<p>Zwar habe sich der Zugang zu Geld von Investoren zuletzt etwas gebessert, doch Deutschland liege im globalen Vergleich zur\u00fcck, so der Verband. Seit Anfang 2023 sei in den USA gemessen an der Wirtschaftskraft rund viermal so viel in Start-ups investiert worden wie hierzulande. In Gro\u00dfbritannien sei es das Dreifache und in Frankreich das Eineinhalbfache. Der Verband fordert eine entschlossene Politik der Bundesregierung f\u00fcr Start-ups.<\/p>\n<p>Mehr Milliarden-Start-ups<\/p>\n<p>Ungeachtet von Geldsorgen in der Gr\u00fcnderbranche gelingt einigen wenigen Start-ups der Aufstieg zu einer Bewertung von mindestens einer Milliarde Euro. Der Zahl solcher Firmen (\u00abEinh\u00f6rner\u00bb) sei auf 31 gestiegen, auch dank des Booms um K\u00fcnstliche Intelligenz.\u00a0<\/p>\n<p>Noch 2019 gab es dem Verband zufolge erst 11 Start-ups mit Milliardenbewertung, 2024 waren es 28. Zu den wertvollsten deutschen Start-ups z\u00e4hlen der KI-\u00dcbersetzungsdienst DeepL, der Neobroker Trade Republic und die R\u00fcstungsfirma Helsing.<\/p>\n","protected":false},"excerpt":{"rendered":"Berlin (dpa) &#8211; Die Stimmung unter deutschen Start-ups ist auf den niedrigsten Stand seit der Corona-Krise 2020 gefallen.&hellip;\n","protected":false},"author":2,"featured_media":410662,"comment_status":"","ping_status":"","sticky":false,"template":"","format":"standard","meta":{"footnotes":""},"categories":[1841],"tags":[1605,3364,29,30,1209,36354,173],"class_list":{"0":"post-410661","1":"post","2":"type-post","3":"status-publish","4":"format-standard","5":"has-post-thumbnail","7":"category-bielefeld","8":"tag-bielefeld","9":"tag-de","10":"tag-deutschland","11":"tag-germany","12":"tag-nordrhein-westfalen","13":"tag-start-ups","14":"tag-unternehmen"},"share_on_mastodon":{"url":"https:\/\/pubeurope.com\/@de\/115177843141291095","error":""},"_links":{"self":[{"href":"https:\/\/www.europesays.com\/de\/wp-json\/wp\/v2\/posts\/410661","targetHints":{"allow":["GET"]}}],"collection":[{"href":"https:\/\/www.europesays.com\/de\/wp-json\/wp\/v2\/posts"}],"about":[{"href":"https:\/\/www.europesays.com\/de\/wp-json\/wp\/v2\/types\/post"}],"author":[{"embeddable":true,"href":"https:\/\/www.europesays.com\/de\/wp-json\/wp\/v2\/users\/2"}],"replies":[{"embeddable":true,"href":"https:\/\/www.europesays.com\/de\/wp-json\/wp\/v2\/comments?post=410661"}],"version-history":[{"count":0,"href":"https:\/\/www.europesays.com\/de\/wp-json\/wp\/v2\/posts\/410661\/revisions"}],"wp:featuredmedia":[{"embeddable":true,"href":"https:\/\/www.europesays.com\/de\/wp-json\/wp\/v2\/media\/410662"}],"wp:attachment":[{"href":"https:\/\/www.europesays.com\/de\/wp-json\/wp\/v2\/media?parent=410661"}],"wp:term":[{"taxonomy":"category","embeddable":true,"href":"https:\/\/www.europesays.com\/de\/wp-json\/wp\/v2\/categories?post=410661"},{"taxonomy":"post_tag","embeddable":true,"href":"https:\/\/www.europesays.com\/de\/wp-json\/wp\/v2\/tags?post=410661"}],"curies":[{"name":"wp","href":"https:\/\/api.w.org\/{rel}","templated":true}]}}