{"id":410676,"date":"2025-09-10T03:27:24","date_gmt":"2025-09-10T03:27:24","guid":{"rendered":"https:\/\/www.europesays.com\/de\/410676\/"},"modified":"2025-09-10T03:27:24","modified_gmt":"2025-09-10T03:27:24","slug":"frankreich-soll-sparen-doch-macron-verprasste-40-000-euro-fuer-wein-politik","status":"publish","type":"post","link":"https:\/\/www.europesays.com\/de\/410676\/","title":{"rendered":"Frankreich soll sparen, doch Macron verprasste 40.000 Euro f\u00fcr Wein | Politik"},"content":{"rendered":"<p>Berlin\/Paris \u2013<b> Ganz Frankreich diskutiert \u00fcber einen harten Sparkurs, nur im \u00c9lys\u00e9e-Palast sprudeln weiter die Millionen! Viele Franzosen fragen sich nun: Warum soll ich l\u00e4nger arbeiten oder auf Privilegien verzichten, wenn der Pr\u00e4sident und seine Luxus-Regierung Steuergelder zum Fenster hinauswerfen? Denn Fakt ist: Der Palast gilt als verschwenderisch \u2013 und das schon seit Jahren.<\/b><\/p>\n<p>Mehrmals schlug der franz\u00f6sische Rechnungshof Cour des Comptes Alarm: Vergangenes Jahr traf es auch <a href=\"https:\/\/www.bild.de\/politik\/leute\/emmanuel-macron\/emmanuel-macron-alle-infos-79767278.bild.html\" class=\"text-link\" rel=\"nofollow noopener\" target=\"_blank\">Emmanuel Macron<\/a> (47). Der hatte f\u00fcr einen Protz-Empfang zu Ehren von K\u00f6nig Charles und K\u00f6nigin Camilla 2023 eine halbe Million Euro Steuergelder verpulvert. Im Budget waren allein 40.000 Euro f\u00fcr Wein eingeplant!<\/p>\n<p>\u25b6\ufe0e Am Ende klaffte in der Kasse des \u00c9lys\u00e9e-Palasts laut Jahresbericht ein Loch in H\u00f6he von 8,3 Millionen Euro. Die Ausgaben insgesamt: 125 Millionen Euro. Das waren mehr als 23 Millionen mehr als im Jahr 2017. <\/p>\n<p>Mehr zum Thema<\/p>\n<p><b>Tatsache ist: Luxus hat bei Frankreichs Staatslenkern Tradition \u2013 schon \u201eSonnenk\u00f6nig\u201c Ludwig XIV. trieb das Land mit seiner Prunksucht fast in den Bankrott. So schlimm ist es in der F\u00fcnften Republik (seit 1958) zwar nicht. Doch die Franzosen sch\u00fctteln immer wieder den Kopf dar\u00fcber, wof\u00fcr im \u00c9lys\u00e9e-Palast Geld ausgegeben wird. <\/b><\/p>\n<p>335.000 Euro f\u00fcr einen Weihnachtsbaum<\/p>\n<p>\u25b6\ufe0e Weiteres Beispiel: Ex-Pr\u00e4sident <a href=\"https:\/\/www.bild.de\/themen\/personen\/nicolas-sarkozy\/nachrichten-news-fotos-videos-15797516.bild.html\" class=\"text-link\" rel=\"nofollow noopener\" target=\"_blank\">Nicolas Sarkozy<\/a> (70, im Amt von 2007 bis 2012) lie\u00df sich einen haushohen Weihnachtsbaum im Innenhof des Palastes seinerzeit 335.000 Euro kosten. Allerdings: In seiner Amtszeit strich er auch die traditionelle \u00c9lys\u00e9e-Gartenparty zum Nationalfeiertag. Ersparnis: j\u00e4hrlich 700.000 Euro.<\/p>\n<p>Doch das Grundproblem bleibt: <a href=\"https:\/\/www.bild.de\/news\/ausland\/frankreich\/thema-frankreich-alle-infos-80021272.bild.html\" class=\"text-link\" rel=\"nofollow noopener\" target=\"_blank\">Frankreich<\/a> tut sich schwer mit notwendigen Reformen. Die Staatsquote (Verh\u00e4ltnis zwischen Staatsausgaben und BIP) liegt bei 57,3 Prozent. Fast nirgendwo in Europa ist sie h\u00f6her. Allein Frankreichs Rentner kosteten den Staat zuletzt 388 Milliarden Euro (13,8 Prozent des BIP; Deutschland: 10,4 Prozent). Hinzu kommen umfangreiche Sozialbeihilfen f\u00fcr Familien und Arbeitslose. UND: Jeder f\u00fcnfte Franzose ist Staatsbediensteter, in Deutschland \u201enur\u201c jeder Zehnte. <\/p>\n<p><img decoding=\"async\" width=\"992\" height=\"558\" alt=\"Der Staatsbesuch 2023 von Charles (76, 2.v.l.) und Camilla (78, l.) kostete den franz\u00f6sischen Steuerzahler eine halbe Million Euro\" src=\"https:\/\/www.europesays.com\/de\/wp-content\/uploads\/2025\/09\/23410391bf657ea418b7bb1eabf82bbe,36914242\"   class=\"landscape\" loading=\"lazy\"\/><\/p>\n<p class=\"fig__caption__text\">Der Staatsbesuch 2023 von Charles (76, 3.v.l.) und Camilla (78, l.) kostete den franz\u00f6sischen Steuerzahler eine halbe Million Euro<\/p>\n<p>Foto: Corbis via Getty Images<\/p>\n<p>Auch die Franzosen selbst sind nicht zu Reformen zu bewegen<\/p>\n<p><b>Frankreichs Rechnungspr\u00fcfer warnten schon 2024: Der Staat habe endg\u00fcltig die Kontrolle \u00fcber seine Finanzen verloren. Die Gr\u00fcnde: zu optimistische Erwartungen bei Steuern und Wachstum \u2013 und die Unf\u00e4higkeit, den Anstieg der Ausgaben zu stoppen. <\/b><\/p>\n<p>Auch interessant<\/p>\n<p>Anzeige<\/p>\n<p>Auch interessant<\/p>\n<p>Anzeige<\/p>\n<p>TU-Professor Markus C. Kerber (69) zu BILD: \u201eBis heute sind die Franzosen selbst zu naheliegendsten Reformen nicht zu bewegen: Die Anhebung des Rentenalters von 60 auf 64 Jahre ist ein Ding der Unm\u00f6glichkeit \u2013 nicht durchzusetzen. Die Realit\u00e4t wird nicht akzeptiert.\u201c UND: Auch die Beamten und der Staat gen\u00f6ssen \u201ePrivilegien einer Gro\u00dfmacht, die das Land schlicht finanziell nicht mehr ist\u201c, so der Experte. <\/p>\n<p>Nichtsdestotrotz steigt das gesetzliche Mindestalter f\u00fcr den Renteneintritt derzeit schrittweise von 62 auf 64 Jahre. Das geht auf eine Reform von 2023 zur\u00fcck. Diese gestaffelte Anhebung soll bis 2030 wirksam werden.<\/p>\n<p>Immerhin: Der Pr\u00e4sident scheint erkannt zu haben, dass er \u00fcber seine Verh\u00e4ltnisse regiert. Vergangenes Jahr reduzierte er die Ausgaben des \u00c9lys\u00e9e auf 123,3 Millionen Euro \u2013 ein R\u00fcckgang um 2,2 Prozent zum Vorjahr. Auch durch weniger Reisen: Macron verreiste 94 Mal, davon 34 Mal ins Ausland. Kosten: rund 20 Millionen Euro (13 Prozent weniger als 2023).<\/p>\n<p>Zur Person <\/p>\n<p><b>Markus C. Kerber<\/b> lehrt an der TU Berlin seit 2006 \u00f6ffentliche Finanzwirtschaft und Wirtschaftspolitik und hat Gastprofessuren an der Warsaw School of Economics und der Universit\u00e4t Paris II (Panth\u00e9on-Assas) inne. Im Jahr 1998 gr\u00fcndete er den Thinktank Europolis. Kerber schrieb unter anderem das Fachbuch \u201eEuropa ohne Frankreich?\u201c, in dem er auf das deutsch-franz\u00f6sische Sonderverh\u00e4ltnis in Europa eingeht.<\/p>\n","protected":false},"excerpt":{"rendered":"Berlin\/Paris \u2013 Ganz Frankreich diskutiert \u00fcber einen harten Sparkurs, nur im \u00c9lys\u00e9e-Palast sprudeln weiter die Millionen! Viele Franzosen&hellip;\n","protected":false},"author":2,"featured_media":410677,"comment_status":"","ping_status":"","sticky":false,"template":"","format":"standard","meta":{"footnotes":""},"categories":[3974],"tags":[331,332,1356,548,663,158,3934,3980,156,51479,13,86402,14,15,12,45],"class_list":{"0":"post-410676","1":"post","2":"type-post","3":"status-publish","4":"format-standard","5":"has-post-thumbnail","7":"category-frankreich","8":"tag-aktuelle-nachrichten","9":"tag-aktuelle-news","10":"tag-emmanuel-macron","11":"tag-eu","12":"tag-europa","13":"tag-europaeische-union","14":"tag-europe","15":"tag-france","16":"tag-frankreich","17":"tag-frankreich-wahlen","18":"tag-headlines","19":"tag-le-pen-marine","20":"tag-nachrichten","21":"tag-news","22":"tag-schlagzeilen","23":"tag-texttospeech"},"share_on_mastodon":{"url":"https:\/\/pubeurope.com\/@de\/115177878333945248","error":""},"_links":{"self":[{"href":"https:\/\/www.europesays.com\/de\/wp-json\/wp\/v2\/posts\/410676","targetHints":{"allow":["GET"]}}],"collection":[{"href":"https:\/\/www.europesays.com\/de\/wp-json\/wp\/v2\/posts"}],"about":[{"href":"https:\/\/www.europesays.com\/de\/wp-json\/wp\/v2\/types\/post"}],"author":[{"embeddable":true,"href":"https:\/\/www.europesays.com\/de\/wp-json\/wp\/v2\/users\/2"}],"replies":[{"embeddable":true,"href":"https:\/\/www.europesays.com\/de\/wp-json\/wp\/v2\/comments?post=410676"}],"version-history":[{"count":0,"href":"https:\/\/www.europesays.com\/de\/wp-json\/wp\/v2\/posts\/410676\/revisions"}],"wp:featuredmedia":[{"embeddable":true,"href":"https:\/\/www.europesays.com\/de\/wp-json\/wp\/v2\/media\/410677"}],"wp:attachment":[{"href":"https:\/\/www.europesays.com\/de\/wp-json\/wp\/v2\/media?parent=410676"}],"wp:term":[{"taxonomy":"category","embeddable":true,"href":"https:\/\/www.europesays.com\/de\/wp-json\/wp\/v2\/categories?post=410676"},{"taxonomy":"post_tag","embeddable":true,"href":"https:\/\/www.europesays.com\/de\/wp-json\/wp\/v2\/tags?post=410676"}],"curies":[{"name":"wp","href":"https:\/\/api.w.org\/{rel}","templated":true}]}}