{"id":410678,"date":"2025-09-10T03:28:21","date_gmt":"2025-09-10T03:28:21","guid":{"rendered":"https:\/\/www.europesays.com\/de\/410678\/"},"modified":"2025-09-10T03:28:21","modified_gmt":"2025-09-10T03:28:21","slug":"kunden-wuenschen-sehr-flaecheneffiziente-module","status":"publish","type":"post","link":"https:\/\/www.europesays.com\/de\/410678\/","title":{"rendered":"\u201eKunden w\u00fcnschen sehr fl\u00e4cheneffiziente Module\u201c"},"content":{"rendered":"<p class=\"aurora-question\" doc-editable=\"text\" data-component-id=\"doc-1j47s2igj0\"><b>Die neuen Backcontact-Module von Longi haben den Innovationsaward der Messe in M\u00fcnchen bekommen. Welche Leistung bieten diese Module an?<\/b><\/p>\n<p class=\"aurora-answer\" doc-editable=\"text\" data-component-id=\"doc-1j47s2mo30\"><b>Engin Yaman: <\/b>Das Himo X10 mit BC-Technologie stellt zurzeit das fortschrittlichste Modul dar, wir haben es im Mai in M\u00fcnchen vorgestellt. Das neue Modul bietet eine Leistung von 670 Watt.<\/p>\n<p class=\"aurora-text aurora-body\" doc-editable=\"text\" data-component-id=\"doc-1j47s1o2p0\">\u00a0<b><a href=\"https:\/\/www.photovoltaik.eu\/foerderung\/ratgeber-2025-250-tipps-fuer-solaren-eigenstrom\" data-entity-uuid=\"b9d796d6-ae20-46f1-b2b0-f3251d4bd459\" rel=\"nofollow noopener\" target=\"_blank\">Ratgeber 2025: 250 Tipps f\u00fcr solaren Eigenstrom<\/a><\/b><\/p>\n<p class=\"aurora-question\" doc-editable=\"text\" data-component-id=\"doc-1j47s36sc0\"><b>Allein dadurch, dass Sie die Kontakte auf die R\u00fcckseite verlagern, kommen Sie vorne fast ohne Verluste aus?<\/b><\/p>\n<p class=\"aurora-answer\" doc-editable=\"text\" data-component-id=\"doc-1j47s39t30\">Die Aperaturfl\u00e4che ist frei und unverschattet. Wir haben in den letzten Jahren eine hohe Nachfrage nach sehr effizienten Modulen verzeichnet. Viele Kunden w\u00fcnschen sich sehr fl\u00e4cheneffiziente Module. Mit den neuen Modulen k\u00f6nnen wir diese Nachfrage bedienen.<\/p>\n<p class=\"aurora-text aurora-body\" doc-editable=\"text\" data-component-id=\"doc-1j47s1o4c0\"><b><a href=\"https:\/\/www.photovoltaik.eu\/foerderung\/investitionsbooster-ab-sofort-schnelle-abschreibung-moeglich\" data-entity-uuid=\"72dd6abf-b357-4eaf-b2cf-9221ed6d7320\" rel=\"nofollow noopener\" target=\"_blank\">Investitionsbooster: Ab sofort schnelle Abschreibung m\u00f6glich<\/a><\/b>\u00a0<\/p>\n<p class=\"aurora-question\" doc-editable=\"text\" data-component-id=\"doc-1j47s3dab0\"><b>Wer sind Ihre Kunden, oder ihre wichtigsten Kunden?<\/b><\/p>\n<p class=\"aurora-answer\" doc-editable=\"text\" data-component-id=\"doc-1j47s3gs30\">Ich m\u00f6chte keine Kunden ausschlie\u00dfen, aber unser Himo X10 ist sehr gut geeignet f\u00fcr gro\u00dfe Fl\u00e4chen. Wir reden \u00fcber gro\u00dfe Freifl\u00e4chen, also Utility Scale. Dort erhoffen sich die Kunden niedrigere BOS-Kosten, einen schnelleren Return on Investment.<\/p>\n<p class=\"aurora-text aurora-body\" doc-editable=\"text\" data-component-id=\"doc-1j47s1o5k0\"><b><a href=\"https:\/\/www.photovoltaik.eu\/videos\/pv-guided-tours-2025\" rel=\"nofollow noopener\" target=\"_blank\">Spannende Videos \u00fcber aktuelle Trends im Solargesch\u00e4ft finden Sie hier.<\/a><\/b><\/p>\n<p class=\"aurora-question\" doc-editable=\"text\" data-component-id=\"doc-1j47s3khi0\"><b>Die Zellen machen 80 Prozent der Wertsch\u00f6pfung im Modul aus. Longi hat eine neue Fabrik er\u00f6ffnet. Wie schwierig ist es, die BC-Zellen massenweise zu produzieren?<\/b><\/p>\n<p class=\"aurora-answer\" doc-editable=\"text\" data-component-id=\"doc-1j47s3n9c0\">Wir sind als Longi sind als Hersteller seit Jahren in diesem Markt aktiv. Nat\u00fcrlich waren und sind immer darauf bedacht, unseren Kunden die beste L\u00f6sung anzubieten. Der Markt f\u00fcr Photovoltaik ver\u00e4ndert sich st\u00e4ndig. Die Anforderungen ver\u00e4ndern sich, ebenso die Rahmenbedingungen. F\u00fcr uns ist die Zuverl\u00e4ssigkeit unserer Module entscheidend. Deswegen haben wir unsere Fabriken zum Beispiel in China nicht nur vollautomatisiert, sondern auch mit k\u00fcnstlicher Intelligenz ausgestattet. Die neue Fabrik ist ein Leuchtturm, denn sie erf\u00fcllt alle ESG-Anforderungen. Unsere Lighthouse Factory ist die erste ihrer Art, die wir weltweit errichtet haben. (HS)<\/p>\n<p class=\"aurora-text aurora-body\" doc-editable=\"text\" data-component-id=\"doc-1j47s1o760\"><b><a href=\"https:\/\/www.photovoltaik.eu\/solarmodule\/longi-neue-solarmodule-fuers-projektgeschaeft\" data-entity-uuid=\"87ea3e6d-4dac-4d87-b899-6a77e33974ad\" rel=\"nofollow noopener\" target=\"_blank\">Longi: Neue Solarmodule f\u00fcrs Projektgesch\u00e4ft<\/a><\/b> (Video)\u00a0<\/p>\n<p class=\"aurora-text aurora-body\" doc-editable=\"text\" data-component-id=\"doc-1j47s1o7h0\"><b><a href=\"https:\/\/www.longi.com\/de\/\" rel=\"nofollow noopener\" target=\"_blank\">Mehr \u00fcber die neuen Projektmodule von Longi erfahren Sie hier.<\/a><\/b><\/p>\n<p class=\"aurora-text aurora-body\" doc-editable=\"text\" data-component-id=\"doc-1j47s1o850\"><b><a href=\"https:\/\/www.photovoltaik.eu\/investoren\/projekte\" rel=\"nofollow noopener\" target=\"_blank\">Mehr Tipps f\u00fcrs Projektgesch\u00e4ft<\/a><\/b><\/p>\n<p class=\"aurora-text aurora-body\" doc-editable=\"text\" data-component-id=\"doc-1j47s1o940\"><b><a href=\"https:\/\/www.photovoltaik.eu\/newsletter-anmeldung-investoren\" rel=\"nofollow noopener\" target=\"_blank\">Melden Sie sich jetzt zum monatlichen Newsletter f\u00fcr Investoren an!<\/a><\/b><\/p>\n","protected":false},"excerpt":{"rendered":"Die neuen Backcontact-Module von Longi haben den Innovationsaward der Messe in M\u00fcnchen bekommen. Welche Leistung bieten diese Module&hellip;\n","protected":false},"author":2,"featured_media":410679,"comment_status":"","ping_status":"","sticky":false,"template":"","format":"standard","meta":{"footnotes":""},"categories":[3933],"tags":[331,332,548,663,158,3934,3935,13,108599,108598,108597,14,15,12,108601,108600],"class_list":{"0":"post-410678","1":"post","2":"type-post","3":"status-publish","4":"format-standard","5":"has-post-thumbnail","7":"category-eu","8":"tag-aktuelle-nachrichten","9":"tag-aktuelle-news","10":"tag-eu","11":"tag-europa","12":"tag-europaeische-union","13":"tag-europe","14":"tag-european-union","15":"tag-headlines","16":"tag-himo","17":"tag-hpbc","18":"tag-longi","19":"tag-nachrichten","20":"tag-news","21":"tag-schlagzeilen","22":"tag-solarmodule","23":"tag-yaman"},"share_on_mastodon":{"url":"https:\/\/pubeurope.com\/@de\/115177882730613270","error":""},"_links":{"self":[{"href":"https:\/\/www.europesays.com\/de\/wp-json\/wp\/v2\/posts\/410678","targetHints":{"allow":["GET"]}}],"collection":[{"href":"https:\/\/www.europesays.com\/de\/wp-json\/wp\/v2\/posts"}],"about":[{"href":"https:\/\/www.europesays.com\/de\/wp-json\/wp\/v2\/types\/post"}],"author":[{"embeddable":true,"href":"https:\/\/www.europesays.com\/de\/wp-json\/wp\/v2\/users\/2"}],"replies":[{"embeddable":true,"href":"https:\/\/www.europesays.com\/de\/wp-json\/wp\/v2\/comments?post=410678"}],"version-history":[{"count":0,"href":"https:\/\/www.europesays.com\/de\/wp-json\/wp\/v2\/posts\/410678\/revisions"}],"wp:featuredmedia":[{"embeddable":true,"href":"https:\/\/www.europesays.com\/de\/wp-json\/wp\/v2\/media\/410679"}],"wp:attachment":[{"href":"https:\/\/www.europesays.com\/de\/wp-json\/wp\/v2\/media?parent=410678"}],"wp:term":[{"taxonomy":"category","embeddable":true,"href":"https:\/\/www.europesays.com\/de\/wp-json\/wp\/v2\/categories?post=410678"},{"taxonomy":"post_tag","embeddable":true,"href":"https:\/\/www.europesays.com\/de\/wp-json\/wp\/v2\/tags?post=410678"}],"curies":[{"name":"wp","href":"https:\/\/api.w.org\/{rel}","templated":true}]}}