{"id":410714,"date":"2025-09-10T03:49:12","date_gmt":"2025-09-10T03:49:12","guid":{"rendered":"https:\/\/www.europesays.com\/de\/410714\/"},"modified":"2025-09-10T03:49:12","modified_gmt":"2025-09-10T03:49:12","slug":"markantes-haus-in-der-city-bekommt-neuen-glanz","status":"publish","type":"post","link":"https:\/\/www.europesays.com\/de\/410714\/","title":{"rendered":"Markantes Haus in der City bekommt neuen Glanz"},"content":{"rendered":"<p>\t\tHingucker in der Dortmunder City wird saniert<br \/>\n\t\t\t\t\t\u201eWollen das Haus zu einem kreativen Hotspot machen\u201c<\/p>\n<p>\t\t<img alt=\"\" src=\"https:\/\/www.europesays.com\/de\/wp-content\/uploads\/2025\/05\/630_0036_48381_.jpg\"  class=\"avatar avatar-36 photo avatar-default\" height=\"36\" width=\"36\" loading=\"lazy\" decoding=\"async\"\/>\t\t<a class=\"article-author__name\" href=\"https:\/\/www.ruhrnachrichten.de\/author\/oliver-volmerich\/\" rel=\"author noopener\" target=\"_blank\">Oliver Volmerich<\/a><br \/>\n\t\tRedakteur<\/p>\n<p>    <a href=\"https:\/\/www.ruhrnachrichten.de\/wp-content\/uploads\/2025\/09\/09\/14\/630_0900_5016286_Ruhfus_haus_Neu-1648x824.jpg\" target=\"_blank\" rel=\"noopener\"><\/p>\n<p>            <img decoding=\"async\" fetchpriority=\"high\" src=\"https:\/\/www.europesays.com\/de\/wp-content\/uploads\/2025\/09\/630_0900_5016285_Ruhfus_haus_Neu-640x428.jpg\" width=\"640\" height=\"428\"  alt=\"Thomas Ruhfus und Verwalter Stefan B\u00fclling vor dem einger\u00fcsteten Ruhfus-Haus am Eck von Br\u00fcckstra\u00dfe und Reinoldistra\u00dfe.\"\/><\/p>\n<p>    <\/a><br \/>\n    Thomas Ruhfus und Verwalter Stefan B\u00fclling vor dem einger\u00fcsteten Ruhfus-Haus am Eck von Br\u00fcckstra\u00dfe und Reinoldistra\u00dfe. \u00a9 Oliver Volmerich<\/p>\n<p class=\"article__teaser-text\">Zu einem \u201ekreativen Hotspot\u201c im Dortmunder Br\u00fcckstra\u00dfen-Viertel soll das historische Ruhfus-Haus werden. Dazu wird das altehrw\u00fcrdige Geb\u00e4ude jetzt saniert.<\/p>\n<p>2 Min Lesezeit<\/p>\n<p>Zwei Etagen neu vermietet<\/p>\n","protected":false},"excerpt":{"rendered":"Hingucker in der Dortmunder City wird saniert \u201eWollen das Haus zu einem kreativen Hotspot machen\u201c Oliver Volmerich Redakteur&hellip;\n","protected":false},"author":2,"featured_media":410715,"comment_status":"","ping_status":"","sticky":false,"template":"","format":"standard","meta":{"footnotes":""},"categories":[1833],"tags":[108609,3364,29,217,30,3566,1209],"class_list":{"0":"post-410714","1":"post","2":"type-post","3":"status-publish","4":"format-standard","5":"has-post-thumbnail","7":"category-dortmund","8":"tag-brueckstrassen-viertel","9":"tag-de","10":"tag-deutschland","11":"tag-dortmund","12":"tag-germany","13":"tag-immobilien-wohnen","14":"tag-nordrhein-westfalen"},"share_on_mastodon":{"url":"https:\/\/pubeurope.com\/@de\/115177964637788422","error":""},"_links":{"self":[{"href":"https:\/\/www.europesays.com\/de\/wp-json\/wp\/v2\/posts\/410714","targetHints":{"allow":["GET"]}}],"collection":[{"href":"https:\/\/www.europesays.com\/de\/wp-json\/wp\/v2\/posts"}],"about":[{"href":"https:\/\/www.europesays.com\/de\/wp-json\/wp\/v2\/types\/post"}],"author":[{"embeddable":true,"href":"https:\/\/www.europesays.com\/de\/wp-json\/wp\/v2\/users\/2"}],"replies":[{"embeddable":true,"href":"https:\/\/www.europesays.com\/de\/wp-json\/wp\/v2\/comments?post=410714"}],"version-history":[{"count":0,"href":"https:\/\/www.europesays.com\/de\/wp-json\/wp\/v2\/posts\/410714\/revisions"}],"wp:featuredmedia":[{"embeddable":true,"href":"https:\/\/www.europesays.com\/de\/wp-json\/wp\/v2\/media\/410715"}],"wp:attachment":[{"href":"https:\/\/www.europesays.com\/de\/wp-json\/wp\/v2\/media?parent=410714"}],"wp:term":[{"taxonomy":"category","embeddable":true,"href":"https:\/\/www.europesays.com\/de\/wp-json\/wp\/v2\/categories?post=410714"},{"taxonomy":"post_tag","embeddable":true,"href":"https:\/\/www.europesays.com\/de\/wp-json\/wp\/v2\/tags?post=410714"}],"curies":[{"name":"wp","href":"https:\/\/api.w.org\/{rel}","templated":true}]}}