{"id":410721,"date":"2025-09-10T03:53:10","date_gmt":"2025-09-10T03:53:10","guid":{"rendered":"https:\/\/www.europesays.com\/de\/410721\/"},"modified":"2025-09-10T03:53:10","modified_gmt":"2025-09-10T03:53:10","slug":"wohnungsmangel-in-duesseldorf-was-die-parteien-vorschlagen","status":"publish","type":"post","link":"https:\/\/www.europesays.com\/de\/410721\/","title":{"rendered":"Wohnungsmangel in D\u00fcsseldorf: Was die Parteien vorschlagen"},"content":{"rendered":"<p class=\"text_ohne_einzug richtext text-em-55 !leading-serif mx-6 desktop:mx-0\">Kurz vor der Wahl hat sich auch noch Oberb\u00fcrgermeister <a href=\"https:\/\/rp-online.de\/thema\/stephan-keller\/\" rel=\"nofollow noopener\" target=\"_blank\">Stephan Keller<\/a> (CDU) bekannt: Das Schaffen von mehr bezahlbarem Wohnraum hob er im Fragebogen unserer Redaktion als das Thema heraus, das er in der kommenden Ratsperiode besonders in den Fokus r\u00fccken will. Seine wichtigsten Herausforderer im Kampf um das OB-Amt, Fabian Zachel (SPD) und Clara Gerlach (Gr\u00fcne), hatten diese Herausforderung fr\u00fchzeitig ganz oben auf ihre Priorit\u00e4tenliste geschrieben und j\u00fcngst \u00fcber die Parteiprogramme hinausgehende Forderungen aufgestellt. Grund genug, die wichtigste Frage im <a href=\"https:\/\/rp-online.de\/thema\/wahlkampf\/\" rel=\"nofollow noopener\" target=\"_blank\">Wahlkampf<\/a> gesondert zu beleuchten: Welche Partei will in dieser Frage was? Wir haben uns die Forderungen der derzeit im Stadtrat vertretenen Parteien angesehen.<\/p>\n","protected":false},"excerpt":{"rendered":"Kurz vor der Wahl hat sich auch noch Oberb\u00fcrgermeister Stephan Keller (CDU) bekannt: Das Schaffen von mehr bezahlbarem&hellip;\n","protected":false},"author":2,"featured_media":410722,"comment_status":"","ping_status":"","sticky":false,"template":"","format":"standard","meta":{"footnotes":""},"categories":[1831],"tags":[186,31,3364,29,3405,187,30,7744,1209,2403,11230,108611,7743,46300,21060,26187,108612,108613,5337,2192,108610],"class_list":{"0":"post-410721","1":"post","2":"type-post","3":"status-publish","4":"format-standard","5":"has-post-thumbnail","7":"category-duesseldorf","8":"tag-afd","9":"tag-cdu","10":"tag-de","11":"tag-deutschland","12":"tag-duesseldorf","13":"tag-fdp","14":"tag-germany","15":"tag-neubauten","16":"tag-nordrhein-westfalen","17":"tag-partei","18":"tag-sozial","19":"tag-sozialwohnung","20":"tag-sozialwohnungen","21":"tag-werkswohnungen","22":"tag-wohn","23":"tag-wohnbau","24":"tag-wohnberechtigungsschein","25":"tag-wohnraums","26":"tag-wohnungen","27":"tag-wohnungsbau","28":"tag-wohnungsbaugenossenschaften"},"share_on_mastodon":{"url":"https:\/\/pubeurope.com\/@de\/115177980091230879","error":""},"_links":{"self":[{"href":"https:\/\/www.europesays.com\/de\/wp-json\/wp\/v2\/posts\/410721","targetHints":{"allow":["GET"]}}],"collection":[{"href":"https:\/\/www.europesays.com\/de\/wp-json\/wp\/v2\/posts"}],"about":[{"href":"https:\/\/www.europesays.com\/de\/wp-json\/wp\/v2\/types\/post"}],"author":[{"embeddable":true,"href":"https:\/\/www.europesays.com\/de\/wp-json\/wp\/v2\/users\/2"}],"replies":[{"embeddable":true,"href":"https:\/\/www.europesays.com\/de\/wp-json\/wp\/v2\/comments?post=410721"}],"version-history":[{"count":0,"href":"https:\/\/www.europesays.com\/de\/wp-json\/wp\/v2\/posts\/410721\/revisions"}],"wp:featuredmedia":[{"embeddable":true,"href":"https:\/\/www.europesays.com\/de\/wp-json\/wp\/v2\/media\/410722"}],"wp:attachment":[{"href":"https:\/\/www.europesays.com\/de\/wp-json\/wp\/v2\/media?parent=410721"}],"wp:term":[{"taxonomy":"category","embeddable":true,"href":"https:\/\/www.europesays.com\/de\/wp-json\/wp\/v2\/categories?post=410721"},{"taxonomy":"post_tag","embeddable":true,"href":"https:\/\/www.europesays.com\/de\/wp-json\/wp\/v2\/tags?post=410721"}],"curies":[{"name":"wp","href":"https:\/\/api.w.org\/{rel}","templated":true}]}}