{"id":410771,"date":"2025-09-10T04:21:09","date_gmt":"2025-09-10T04:21:09","guid":{"rendered":"https:\/\/www.europesays.com\/de\/410771\/"},"modified":"2025-09-10T04:21:09","modified_gmt":"2025-09-10T04:21:09","slug":"luftraumverletzung-im-nato-staat-polens-luftwaffe-schiesst-russische-drohnen-ab","status":"publish","type":"post","link":"https:\/\/www.europesays.com\/de\/410771\/","title":{"rendered":"Luftraumverletzung im Nato-Staat: Polens Luftwaffe schie\u00dft russische Drohnen ab"},"content":{"rendered":"<p>                    Luftraumverletzung im Nato-Staat<br \/>\n                Polens Luftwaffe schie\u00dft russische Drohnen ab<\/p>\n<p>\t\t\t\t              10.09.2025, 05:31 Uhr<\/p>\n<p>\t\t\t\t\t       Artikel anh\u00f6ren<\/p>\n<p>\t\t\t\t\t\t\tDiese Audioversion wurde k\u00fcnstlich generiert. <a href=\"https:\/\/www.n-tv.de\/23249898\" rel=\"nofollow noopener\" target=\"_blank\">Mehr Infos<\/a><\/p>\n<p><strong>Bei Angriffen in der Westukraine dringen russische Drohnen in den polnischen Luftraum ein. Die Luftwaffe greift ein. Mehrere Flugh\u00e4fen in dem Land werden vor\u00fcbergehend geschlossen. <\/strong><\/p>\n<p>Polen hat nach eigenen Angaben russische Drohnen \u00fcber seinem Staatsgebiet abgeschossen, die aus der benachbarten Ukraine eingedrungen waren. &#8222;Bei dem heutigen Angriff der Russischen F\u00f6deration auf Ziele in der Ukraine wurde unser Luftraum wiederholt von Drohnen verletzt&#8220;, teilte das polnische Milit\u00e4rkommando mit. <\/p>\n<p>Es seien Waffen eingesetzt worden, um die Drohnen zu neutralisieren, schrieb Polens Regierungschef Donald Tusk auf X. Derzeit werde nach den abgeschossenen Drohnen gesucht. &#8222;Wir stehen in st\u00e4ndigem Kontakt mit dem Nato-Kommando&#8220;, erkl\u00e4rte Verteidigungsminister Wladyslaw Kosiniak-Kamysz. Die Bev\u00f6lkerung in den Woiwodschaften Podlachien, Masowien und Lublin wurde aufgerufen, zu Hause zu bleiben. Es ist das erste Mal seit Beginn des russischen Angriffskrieges, dass Warschau im eigenen Luftraum gegen russische Flugk\u00f6rper einschreitet.<\/p>\n<p>Nicht die ersten russischen Drohnen \u00fcber Polen<\/p>\n<p>In den vergangenen Wochen waren mehrfach Drohnen in den Luftraum \u00fcber Polen eingedrungen und abgest\u00fcrzt. Verletzt wurde dabei niemand. Verteidigungsminister Kosiniak-Kamysz hatte gestern gesagt, die Drohnen k\u00f6nnten zuk\u00fcnftig abgeschossen werden, wenn dies vertretbar sei. <\/p>\n<p>Der US-Luftfahrtbeh\u00f6rde FAA zufolge wurden vier Flugh\u00e4fen vor\u00fcbergehend geschlossen, darunter der Chopin-Flughafen in Warschau und der Flughafen Rzeszow-Jasionka. Letzterer ist ein wichtiges Drehkreuz f\u00fcr Waffenlieferungen an die Ukraine. Eine offizielle Best\u00e4tigung der Schlie\u00dfungen durch die polnischen Beh\u00f6rden lag bisher nicht vor. US-Au\u00dfenminister Marco Rubio sei \u00fcber die Berichte informiert worden, meldete der Sender CNN. Das russische Verteidigungsministerium hat sich bislang nicht dazu ge\u00e4u\u00dfert.<\/p>\n<p>Polen ist in erh\u00f6hter Alarmbereitschaft, seit im Jahr 2022 eine verirrte ukrainische Rakete in einem Dorf im S\u00fcden des Landes einschlug und zwei Menschen t\u00f6tete. Dem Eindringen der Drohnen in den polnischen Luftraum gingen stundenlange russische Luftangriffe auf den Westen der Ukraine voraus. Die ukrainische Luftwaffe hatte zun\u00e4chst ebenfalls \u00fcber den Einflug russischer Drohnen nach Polen berichtet, diese Meldung jedoch sp\u00e4ter wieder zur\u00fcckgezogen.<\/p>\n","protected":false},"excerpt":{"rendered":"Luftraumverletzung im Nato-Staat Polens Luftwaffe schie\u00dft russische Drohnen ab 10.09.2025, 05:31 Uhr Artikel anh\u00f6ren Diese Audioversion wurde k\u00fcnstlich&hellip;\n","protected":false},"author":2,"featured_media":410772,"comment_status":"","ping_status":"","sticky":false,"template":"","format":"standard","meta":{"footnotes":""},"categories":[3],"tags":[661,13,14,1159,15,3917,16,307,12,10,8,9,11,317,103,104],"class_list":{"0":"post-410771","1":"post","2":"type-post","3":"status-publish","4":"format-standard","5":"has-post-thumbnail","7":"category-welt","8":"tag-angriff-auf-die-ukraine","9":"tag-headlines","10":"tag-nachrichten","11":"tag-nato","12":"tag-news","13":"tag-polen","14":"tag-politik","15":"tag-russland","16":"tag-schlagzeilen","17":"tag-top-news","18":"tag-top-meldungen","19":"tag-topmeldungen","20":"tag-topnews","21":"tag-ukraine","22":"tag-welt","23":"tag-world"},"share_on_mastodon":{"url":"https:\/\/pubeurope.com\/@de\/115178090178039586","error":""},"_links":{"self":[{"href":"https:\/\/www.europesays.com\/de\/wp-json\/wp\/v2\/posts\/410771","targetHints":{"allow":["GET"]}}],"collection":[{"href":"https:\/\/www.europesays.com\/de\/wp-json\/wp\/v2\/posts"}],"about":[{"href":"https:\/\/www.europesays.com\/de\/wp-json\/wp\/v2\/types\/post"}],"author":[{"embeddable":true,"href":"https:\/\/www.europesays.com\/de\/wp-json\/wp\/v2\/users\/2"}],"replies":[{"embeddable":true,"href":"https:\/\/www.europesays.com\/de\/wp-json\/wp\/v2\/comments?post=410771"}],"version-history":[{"count":0,"href":"https:\/\/www.europesays.com\/de\/wp-json\/wp\/v2\/posts\/410771\/revisions"}],"wp:featuredmedia":[{"embeddable":true,"href":"https:\/\/www.europesays.com\/de\/wp-json\/wp\/v2\/media\/410772"}],"wp:attachment":[{"href":"https:\/\/www.europesays.com\/de\/wp-json\/wp\/v2\/media?parent=410771"}],"wp:term":[{"taxonomy":"category","embeddable":true,"href":"https:\/\/www.europesays.com\/de\/wp-json\/wp\/v2\/categories?post=410771"},{"taxonomy":"post_tag","embeddable":true,"href":"https:\/\/www.europesays.com\/de\/wp-json\/wp\/v2\/tags?post=410771"}],"curies":[{"name":"wp","href":"https:\/\/api.w.org\/{rel}","templated":true}]}}