{"id":410773,"date":"2025-09-10T04:22:16","date_gmt":"2025-09-10T04:22:16","guid":{"rendered":"https:\/\/www.europesays.com\/de\/410773\/"},"modified":"2025-09-10T04:22:16","modified_gmt":"2025-09-10T04:22:16","slug":"deutschland-holt-illegal-entsorgten-muell-aus-tschechien-zurueck","status":"publish","type":"post","link":"https:\/\/www.europesays.com\/de\/410773\/","title":{"rendered":"Deutschland holt illegal entsorgten M\u00fcll aus Tschechien zur\u00fcck"},"content":{"rendered":"<p class=\"metatextline\">Stand: 09.09.2025 16:35 Uhr<\/p>\n<p class=\"textabsatz columns twelve  m-ten  m-offset-one l-eight l-offset-two\">\n        <strong>In einem Naturpark in Tschechien wird illegal M\u00fcll entsorgt. Eine Dorfb\u00fcrgermeisterin geht der Sache nach und deckt auf: Die Abf\u00e4lle, darunter Sonderm\u00fcll, kommen aus Bayern. Jetzt holt Deutschland alles zur\u00fcck.<\/strong>\n    <\/p>\n<p>                                        <a class=\"authorline__link\" href=\"https:\/\/www.tagesschau.de\/korrespondenten\/marianne-allweiss-101.html\" target=\"_blank\" rel=\"noopener\"><br \/>\n                                            <img decoding=\"async\" class=\"authorline__img\" alt=\"Marianne Allweiss\" src=\"https:\/\/www.europesays.com\/de\/wp-content\/uploads\/2025\/09\/allweiss-101.jpg\"\/><br \/>\n                                        <\/a><\/p>\n<p class=\"textabsatz m-ten m-offset-one l-eight l-offset-two columns twelve\">\nNormalerweise ist es ruhig und recht einsam im Naturpark Sovinecko im Nordosten von Tschechien. Er geh\u00f6rt zur Ortschaft Jirikov, dem fr\u00fcher deutsch gepr\u00e4gten Girsig am Rande der Sudeten. Doch seit Tagen beobachten Reporter, wie Bagger M\u00fcll sortieren und auf Lastwagen hieven.<\/p>\n<p class=\"textabsatz m-ten m-offset-one l-eight l-offset-two columns twelve\">\nLaut der B\u00fcrgermeisterin Barbora Siskova handelt es sich insgesamt um rund 150 Tonnen: normale Abf\u00e4lle, aber auch gef\u00e4hrlicher Sonderm\u00fcll: &#8222;Das sind Windr\u00e4der, also eigentlich Rotorbl\u00e4tter von Windkraftanlagen. Flugzeugteile und Batteriezellen.&#8220;<\/p>\n<p>    Das Entsorgungsunternehmen ist inzwischen pleite<\/p>\n<p class=\"textabsatz m-ten m-offset-one l-eight l-offset-two columns twelve\">\nIm Dezember wurde der erste M\u00fcll heimlich auf einem Privatgrundst\u00fcck in dem Naturpark abgeladen. Als im Januar weitere Lkw folgten, war die B\u00fcrgermeisterin sofort vor Ort. &#8222;Ich habe gehofft, dass wenigstens einer der Lastwagen auf einem \u00f6ffentlichen Gel\u00e4nde parken w\u00fcrde. Dort habe ich mein Auto geparkt und die Einfahrt blockiert.&#8220;<\/p>\n<p class=\"textabsatz m-ten m-offset-one l-eight l-offset-two columns twelve\">\nDie Lastwagen mussten umdrehen &#8211; die tschechischen Beh\u00f6rden wurden aktiv. Schnell wurde klar, dass die Abf\u00e4lle falsch deklariert waren und aus Deutschland stammen, von einem Entsorgungsunternehmen aus Bayern, das inzwischen pleite ist.<\/p>\n<p class=\"textabsatz m-ten m-offset-one l-eight l-offset-two columns twelve\">\nDer Gesch\u00e4ftsf\u00fchrer und ein tschechischer Lkw-Fahrer sitzen in Untersuchungshaft. Die Staatsanwaltschaft Weiden ermittelt. Fachgerechtes Recycling ist in Deutschland sehr teuer, hei\u00dft es von der tschechischen Umweltinspektion. Daher kippen tschechische Subunternehmen deutsche Abf\u00e4lle immer h\u00e4ufiger irgendwo ab und hoffen, nicht aufzufliegen.\u00a0<\/p>\n<p>    Emp\u00f6rung wich Erleichterung<\/p>\n<p class=\"textabsatz m-ten m-offset-one l-eight l-offset-two columns twelve\">\n&#8222;Ich dachte zuerst, dass sie Holz transportieren&#8220;, erz\u00e4hlt eine Anwohnerin in Jirikov. &#8222;Ich kann \u00fcberhaupt nicht verstehen, wer es wagt, so einen Mist zu uns zu bringen.&#8220;<\/p>\n<p class=\"textabsatz m-ten m-offset-one l-eight l-offset-two columns twelve\">\nUrspr\u00fcnglich sollte der M\u00fcll auf Kosten der bayerischen Firma abgeholt worden. Nun kommt die Regierung der Oberpfalz daf\u00fcr auf. Tschechien zufolge war eigentlich ein Termin im Juni zugesagt, sp\u00e4ter dann im August. Die Emp\u00f6rung \u00fcber die Versp\u00e4tung war gro\u00df. Nun ist sie Erleichterung gewichen. &#8222;Das ist nat\u00fcrlich eine gro\u00dfe Freude und Genugtuung&#8220;, so die B\u00fcrgermeisterin. &#8222;Denn seien wir ehrlich: Vor einem Dreivierteljahr hat niemand gedacht, dass es so schnell gehen w\u00fcrde und wirklich auf Kosten Bayerns organisiert wird.&#8220;<\/p>\n<p>    Minister vermutet Organisierte Kriminalit\u00e4t<\/p>\n<p class=\"textabsatz m-ten m-offset-one l-eight l-offset-two columns twelve\">\nDer Abtransport des deutschen Abfalls soll bis Ende kommender Woche abgeschlossen sein, betont der tschechische Umweltminister Petr Hladik: &#8222;Der Fall Jirikov hat gezeigt, was wir alles erreichen k\u00f6nne, wenn die Zivilgesellschaft und die Staatsverwaltung zusammenarbeiten.&#8220; Es handele sich um Organisierte Kriminalit\u00e4t, so der Minister. &#8222;Den Kampf gegen solche illegalen M\u00fclltransporte haben wir in Tschechien bereits versch\u00e4rft und werden das auf EU-Ebene weiter versch\u00e4rfen.&#8220;<\/p>\n<p class=\"textabsatz m-ten m-offset-one l-eight l-offset-two columns twelve\">\nInzwischen sind weitere illegale M\u00fclldeponien in Tschechien aufgeflogen. Etwa am Stadtrand von Br\u00fcnn &#8211; auch dorthin soll Sonderm\u00fcll der bayerischen Firma gelangt sein.<\/p>\n<p class=\"textabsatz m-ten m-offset-one l-eight l-offset-two columns twelve\">\nDank dem Einsatz von B\u00fcrgermeisterin Siskova haben tschechische Investigativjournalisten weiterrecherchiert und auch diesen Fall aufgedeckt: &#8222;Ich m\u00f6chte allen danken, die dazu beigetragen haben, und zwar auf beiden Seiten der Grenze&#8220;, so die B\u00fcrgermeisterin. Die deutsch-tschechische Zusammenarbeit der Polizei und der Beh\u00f6rden habe gezeigt, dass kriminelle Handlungen in der Abfallwirtschaft nicht hinzunehmen sind. &#8222;Es ist sinnvoll, gegen Unternehmen zu k\u00e4mpfen, die bereit sind, f\u00fcr Geld die Natur zu zerst\u00f6ren.\u201c<\/p>\n","protected":false},"excerpt":{"rendered":"Stand: 09.09.2025 16:35 Uhr In einem Naturpark in Tschechien wird illegal M\u00fcll entsorgt. Eine Dorfb\u00fcrgermeisterin geht der Sache&hellip;\n","protected":false},"author":2,"featured_media":410774,"comment_status":"","ping_status":"","sticky":false,"template":"","format":"standard","meta":{"footnotes":""},"categories":[2],"tags":[29,30,13,5664,14,15,12,10,8,9,11,12475],"class_list":{"0":"post-410773","1":"post","2":"type-post","3":"status-publish","4":"format-standard","5":"has-post-thumbnail","7":"category-deutschland","8":"tag-deutschland","9":"tag-germany","10":"tag-headlines","11":"tag-muellentsorgung","12":"tag-nachrichten","13":"tag-news","14":"tag-schlagzeilen","15":"tag-top-news","16":"tag-top-meldungen","17":"tag-topmeldungen","18":"tag-topnews","19":"tag-tschechien"},"share_on_mastodon":{"url":"https:\/\/pubeurope.com\/@de\/115178094396132038","error":""},"_links":{"self":[{"href":"https:\/\/www.europesays.com\/de\/wp-json\/wp\/v2\/posts\/410773","targetHints":{"allow":["GET"]}}],"collection":[{"href":"https:\/\/www.europesays.com\/de\/wp-json\/wp\/v2\/posts"}],"about":[{"href":"https:\/\/www.europesays.com\/de\/wp-json\/wp\/v2\/types\/post"}],"author":[{"embeddable":true,"href":"https:\/\/www.europesays.com\/de\/wp-json\/wp\/v2\/users\/2"}],"replies":[{"embeddable":true,"href":"https:\/\/www.europesays.com\/de\/wp-json\/wp\/v2\/comments?post=410773"}],"version-history":[{"count":0,"href":"https:\/\/www.europesays.com\/de\/wp-json\/wp\/v2\/posts\/410773\/revisions"}],"wp:featuredmedia":[{"embeddable":true,"href":"https:\/\/www.europesays.com\/de\/wp-json\/wp\/v2\/media\/410774"}],"wp:attachment":[{"href":"https:\/\/www.europesays.com\/de\/wp-json\/wp\/v2\/media?parent=410773"}],"wp:term":[{"taxonomy":"category","embeddable":true,"href":"https:\/\/www.europesays.com\/de\/wp-json\/wp\/v2\/categories?post=410773"},{"taxonomy":"post_tag","embeddable":true,"href":"https:\/\/www.europesays.com\/de\/wp-json\/wp\/v2\/tags?post=410773"}],"curies":[{"name":"wp","href":"https:\/\/api.w.org\/{rel}","templated":true}]}}