{"id":410777,"date":"2025-09-10T04:24:12","date_gmt":"2025-09-10T04:24:12","guid":{"rendered":"https:\/\/www.europesays.com\/de\/410777\/"},"modified":"2025-09-10T04:24:12","modified_gmt":"2025-09-10T04:24:12","slug":"einkaufen-in-der-innenstadt-seit-ueber-20-jahren-am-oberen-boulevard-in-halle","status":"publish","type":"post","link":"https:\/\/www.europesays.com\/de\/410777\/","title":{"rendered":"Einkaufen in der Innenstadt: Seit \u00fcber 20 Jahren am oberen Boulevard in Halle"},"content":{"rendered":"<p class=\"fp-paragraph\"><strong>Halle (Saale)\/MZ<\/strong> &#8211; \u201eDas war ein Traum\u201c, schw\u00e4rmt Esther Hirsch, als sie Dienstagvormittag ihren Einkauf bei \u201eAntjes Moden\u201c auf Halles oberem Boulevard beendet hat. Die Unternehmerin aus Worms ist beruflich in Halle. Ein besonderes Outfit braucht sie auch: f\u00fcr eine Preisverleihung am Mittwoch in Berlin, bei der sie f\u00fcr ihre Gesch\u00e4ftsidee geehrt werden soll, Bademode f\u00fcr Frauen mit Brustprothesen zu kreieren. Das Gesuchte hat sie bei Antje Lutzke gefunden und sagt, dass sie das Gesch\u00e4ft auf jeden Fall weiterempfehlen w\u00fcrde.<\/p>\n","protected":false},"excerpt":{"rendered":"Halle (Saale)\/MZ &#8211; \u201eDas war ein Traum\u201c, schw\u00e4rmt Esther Hirsch, als sie Dienstagvormittag ihren Einkauf bei \u201eAntjes Moden\u201c&hellip;\n","protected":false},"author":2,"featured_media":410778,"comment_status":"","ping_status":"","sticky":false,"template":"","format":"standard","meta":{"footnotes":""},"categories":[1860],"tags":[3364,29,548,663,3934,30,4062,17332,13,14,15,17331,860,12],"class_list":{"0":"post-410777","1":"post","2":"type-post","3":"status-publish","4":"format-standard","5":"has-post-thumbnail","7":"category-halle-saale","8":"tag-de","9":"tag-deutschland","10":"tag-eu","11":"tag-europa","12":"tag-europe","13":"tag-germany","14":"tag-halle","15":"tag-halle-saale","16":"tag-headlines","17":"tag-nachrichten","18":"tag-news","19":"tag-saale","20":"tag-sachsen-anhalt","21":"tag-schlagzeilen"},"share_on_mastodon":{"url":"https:\/\/pubeurope.com\/@de\/115178101957151993","error":""},"_links":{"self":[{"href":"https:\/\/www.europesays.com\/de\/wp-json\/wp\/v2\/posts\/410777","targetHints":{"allow":["GET"]}}],"collection":[{"href":"https:\/\/www.europesays.com\/de\/wp-json\/wp\/v2\/posts"}],"about":[{"href":"https:\/\/www.europesays.com\/de\/wp-json\/wp\/v2\/types\/post"}],"author":[{"embeddable":true,"href":"https:\/\/www.europesays.com\/de\/wp-json\/wp\/v2\/users\/2"}],"replies":[{"embeddable":true,"href":"https:\/\/www.europesays.com\/de\/wp-json\/wp\/v2\/comments?post=410777"}],"version-history":[{"count":0,"href":"https:\/\/www.europesays.com\/de\/wp-json\/wp\/v2\/posts\/410777\/revisions"}],"wp:featuredmedia":[{"embeddable":true,"href":"https:\/\/www.europesays.com\/de\/wp-json\/wp\/v2\/media\/410778"}],"wp:attachment":[{"href":"https:\/\/www.europesays.com\/de\/wp-json\/wp\/v2\/media?parent=410777"}],"wp:term":[{"taxonomy":"category","embeddable":true,"href":"https:\/\/www.europesays.com\/de\/wp-json\/wp\/v2\/categories?post=410777"},{"taxonomy":"post_tag","embeddable":true,"href":"https:\/\/www.europesays.com\/de\/wp-json\/wp\/v2\/tags?post=410777"}],"curies":[{"name":"wp","href":"https:\/\/api.w.org\/{rel}","templated":true}]}}