{"id":410779,"date":"2025-09-10T04:26:02","date_gmt":"2025-09-10T04:26:02","guid":{"rendered":"https:\/\/www.europesays.com\/de\/410779\/"},"modified":"2025-09-10T04:26:02","modified_gmt":"2025-09-10T04:26:02","slug":"nrw-pizzeria-durchsucht-im-keller-machen-ermittler-erschreckenden-fund","status":"publish","type":"post","link":"https:\/\/www.europesays.com\/de\/410779\/","title":{"rendered":"NRW-Pizzeria durchsucht &#8211; im Keller machen Ermittler erschreckenden Fund"},"content":{"rendered":"<p>Zoll-Einsatz nach einem Europol-Hinweis in NRW. Im Auftrag der Staatsanwaltschaft Aachen nahm das Zollfahndungsamt Essen eine Pizzeria in Aachen hoch.<\/p>\n<p>Wie die Ermittler am Dienstag (9. September) mitteilten, durchsuchten die Fahnder bereits am 14. August mehrere Orte, darunter eine Pizzeria in NRW. Dabei ging es eigentlich um unversteuerte Zigaretten. Doch im Keller des Ladens entdeckten die Beamten scharfe Schusswaffen!<\/p>\n<p> Scharfe Waffen in NRW-Pizzeria <\/p>\n<p>Den Betreiber trafen die Zoll-Fahnder zun\u00e4chst nicht an. Stattdessen fanden sie seinen Vertreter (47). In den R\u00e4umlichkeiten der Pizzeria konnten die Beamten zun\u00e4chst nur kleine Menge unversteuerter Zigaretten finden. Dazu die drei scharfe Schusswaffen, die frei zug\u00e4nglich in einem der Kellerr\u00e4ume lagen. <\/p>\n<p>++ <a href=\"https:\/\/www.derwesten.de\/region\/unwetter-nrw-starkregen-bedburg-evakuierung-id301796876.html\" rel=\"nofollow noopener\" target=\"_blank\">Unwetter in NRW ++ HIER versch\u00e4rft sich die Starkregen-Lage ++ \u201eM\u00fcssen vermutlich evakuieren\u201c <\/a>++<\/p>\n<p>Gegen den 47-J\u00e4hrigen wurde ein Verfahren eingeleitet und ein Durchsuchungsbeschluss erwirkt. In seinem Haus und Garage fanden die Ermittler schlie\u00dflich 120.000 unversteuerte Zigaretten verschiedener Marken. In der N\u00e4he konnten die Einsatzkr\u00e4fte dann noch das Auto des Beschuldigten ausfindig machen \u2013 mit weiteren 50.000 unversteuerten Zigaretten. Der gesch\u00e4tzte Steuerschaden: 42.500 Euro.<\/p>\n<p> Zollfahndung NRW deckt weiteren Fall auf <\/p>\n<p>Zus\u00e4tzlich trafen die Ermittler in der Pizzeria eine Person illegalen Aufenthalts. Diese wurde der Polizei Aachen \u00fcbergeben. <\/p>\n<p>Mehr Themen:<\/p>\n<p>Die Ermittlungen durch die Zollfahndung in NRW dauern an.<\/p>\n<p>Dieser Artikel wurde teils mit maschineller Unterst\u00fctzung erstellt und vor der Ver\u00f6ffentlichung von der Redaktion sorgf\u00e4ltig gepr\u00fcft.<\/p>\n","protected":false},"excerpt":{"rendered":"Zoll-Einsatz nach einem Europol-Hinweis in NRW. Im Auftrag der Staatsanwaltschaft Aachen nahm das Zollfahndungsamt Essen eine Pizzeria in&hellip;\n","protected":false},"author":2,"featured_media":410780,"comment_status":"","ping_status":"","sticky":false,"template":"","format":"standard","meta":{"footnotes":""},"categories":[1853],"tags":[1424,3364,29,548,663,3934,30,13,14,15,1209,12],"class_list":{"0":"post-410779","1":"post","2":"type-post","3":"status-publish","4":"format-standard","5":"has-post-thumbnail","7":"category-aachen","8":"tag-aachen","9":"tag-de","10":"tag-deutschland","11":"tag-eu","12":"tag-europa","13":"tag-europe","14":"tag-germany","15":"tag-headlines","16":"tag-nachrichten","17":"tag-news","18":"tag-nordrhein-westfalen","19":"tag-schlagzeilen"},"share_on_mastodon":{"url":"https:\/\/pubeurope.com\/@de\/115178109956147778","error":""},"_links":{"self":[{"href":"https:\/\/www.europesays.com\/de\/wp-json\/wp\/v2\/posts\/410779","targetHints":{"allow":["GET"]}}],"collection":[{"href":"https:\/\/www.europesays.com\/de\/wp-json\/wp\/v2\/posts"}],"about":[{"href":"https:\/\/www.europesays.com\/de\/wp-json\/wp\/v2\/types\/post"}],"author":[{"embeddable":true,"href":"https:\/\/www.europesays.com\/de\/wp-json\/wp\/v2\/users\/2"}],"replies":[{"embeddable":true,"href":"https:\/\/www.europesays.com\/de\/wp-json\/wp\/v2\/comments?post=410779"}],"version-history":[{"count":0,"href":"https:\/\/www.europesays.com\/de\/wp-json\/wp\/v2\/posts\/410779\/revisions"}],"wp:featuredmedia":[{"embeddable":true,"href":"https:\/\/www.europesays.com\/de\/wp-json\/wp\/v2\/media\/410780"}],"wp:attachment":[{"href":"https:\/\/www.europesays.com\/de\/wp-json\/wp\/v2\/media?parent=410779"}],"wp:term":[{"taxonomy":"category","embeddable":true,"href":"https:\/\/www.europesays.com\/de\/wp-json\/wp\/v2\/categories?post=410779"},{"taxonomy":"post_tag","embeddable":true,"href":"https:\/\/www.europesays.com\/de\/wp-json\/wp\/v2\/tags?post=410779"}],"curies":[{"name":"wp","href":"https:\/\/api.w.org\/{rel}","templated":true}]}}