{"id":410781,"date":"2025-09-10T04:27:11","date_gmt":"2025-09-10T04:27:11","guid":{"rendered":"https:\/\/www.europesays.com\/de\/410781\/"},"modified":"2025-09-10T04:27:11","modified_gmt":"2025-09-10T04:27:11","slug":"kinder-und-jugendbeirat-kronshagen-sucht-kandidaten-fuer-neuwahl","status":"publish","type":"post","link":"https:\/\/www.europesays.com\/de\/410781\/","title":{"rendered":"Kinder- und Jugendbeirat Kronshagen sucht Kandidaten f\u00fcr Neuwahl"},"content":{"rendered":"<p class=\"Textstyled__Text-sc-1cqv9mi-0 cLyiiX\">Kronshagen. Im Herbst 2023 traten elf tatendurstige junge Leute an, um frischen Wind in die Kommunalpolitik in Kronshagen zu bringen. Nur zwei von ihnen sind seither abgesprungen und wurden durch Nachr\u00fccker ersetzt. Allein diese Durchhaltequote zeigt, wie gut der Kinder- und Jugendbeirat Kronshagen funktioniert.<\/p>\n<p>Weiterlesen nach der Anzeige<\/p>\n<p>Weiterlesen nach der Anzeige<\/p>\n<p class=\"Textstyled__Text-sc-1cqv9mi-0 cLyiiX\">Wird das auch zuk\u00fcnftig der Fall sein? Ganz sicher ist das nicht, denn genauso wie bei den Erwachsenen lebt auch bei den Jugendlichen die Politik vom Mitmachen. Das ist akut gefordert, denn vom 17. bis 21. November wird der Beirat neu gew\u00e4hlt.<\/p>\n<p>Auch \u201eerwachsene Themen\u201c findet der Jugendbeirat Kronshagen spannend<\/p>\n<p class=\"Textstyled__Text-sc-1cqv9mi-0 cLyiiX\">\u201eIch fand\u2019s toll\u201c, sagt Valeria Luft \u00fcber ihre bisherige Amtszeit. \u201eAm Anfang wusste ich gar nicht, was kommunale Politik bedeutet\u201c, gibt die 16-J\u00e4hrige zu, doch dann verstand sie immer mehr, dass hier das wirkliche Leben im Mittelpunkt steht. Und das egal, ob es um Spielpl\u00e4tze oder \u201eerwachsene Themen\u201c wie den <a href=\"https:\/\/www.kn-online.de\/lokales\/rendsburg-eckernfoerde\/nazi-vorgeschichte-in-kronshagen-buergermeister-drews-strasse-soll-unbenannt-werden-JAEXIGC4EBGO5HWIH4TSNKCM34.html\" target=\"_blank\" rel=\"noreferrer nofollow noopener\" title=\"https:\/\/www.kn-online.de\/lokales\/rendsburg-eckernfoerde\/nazi-vorgeschichte-in-kronshagen-buergermeister-drews-strasse-soll-unbenannt-werden-JAEXIGC4EBGO5HWIH4TSNKCM34.html\" data-vars-event-category=\"intext_link\" data-vars-event-action=\"click\" data-vars-event-label=\"https:\/\/www.kn-online.de\/lokales\/rendsburg-eckernfoerde\/nazi-vorgeschichte-in-kronshagen-buergermeister-drews-strasse-soll-unbenannt-werden-JAEXIGC4EBGO5HWIH4TSNKCM34.html\">Streit um die B\u00fcrgermeister-Drews-Stra\u00dfe<\/a> geht. F\u00fcr Valeria jedenfalls waren die bisherigen Diskussionen dar\u00fcber ein Highlight.<\/p>\n<p>Weiterlesen nach der Anzeige<\/p>\n<p>Weiterlesen nach der Anzeige<\/p>\n<blockquote><p>Ich finde auch die erwachsenen Themen interessant.<\/p><\/blockquote>\n<p class=\"Quotestyled__Author-sc-q277fq-1 hfNZxo\">Valeria Luft<\/p>\n<p class=\"Quotestyled__AuthorDescription-sc-q277fq-2 kncpVQ\">Kinder- und Jugendbeirat Kronshagen<\/p>\n<p class=\"Textstyled__Text-sc-1cqv9mi-0 cLyiiX\">Auch Otabil Owusu hatte erstmal Anlaufschwierigkeiten. Immer mehr entdeckte der 16-J\u00e4hrige dann, welch gro\u00dfen Spa\u00df es machen kann, in der Politik den Erwachsenen auf die Finger zu schauen. Und mehr noch, selber Politik f\u00fcr die Interessen der J\u00fcngeren zu machen. Ein weiteres Plus f\u00fcr Otabil Owusu: \u201eEs ist eine tolle Truppe.\u201c<\/p>\n<p>Erfolgsgeheimnis im Kinder- und Jugendbeirat Kronshagen lautet Arbeit<\/p>\n<p class=\"Textstyled__Text-sc-1cqv9mi-0 cLyiiX\">Das mit der tollen Truppe hat sich offenbar herumgesprochen. Immer wieder wurde der <a href=\"https:\/\/www.kn-online.de\/lokales\/rendsburg-eckernfoerde\/kronshagen-hat-den-ersten-jugendbeirat-gewaehlt-jugendpolitik-BV24ERUUPEQPBTIZA6CPOXRJWY.html\" target=\"_blank\" rel=\"noreferrer nofollow noopener\" title=\"https:\/\/www.kn-online.de\/lokales\/rendsburg-eckernfoerde\/kronshagen-hat-den-ersten-jugendbeirat-gewaehlt-jugendpolitik-BV24ERUUPEQPBTIZA6CPOXRJWY.html\" data-vars-event-category=\"intext_link\" data-vars-event-action=\"click\" data-vars-event-label=\"https:\/\/www.kn-online.de\/lokales\/rendsburg-eckernfoerde\/kronshagen-hat-den-ersten-jugendbeirat-gewaehlt-jugendpolitik-BV24ERUUPEQPBTIZA6CPOXRJWY.html\">Kinder- und Jugendbeirat Kronshagen<\/a> nach Molfsee, Nortorf und in andere Orte eingeladen, um \u00fcber sein Erfolgsgeheimnis zu berichten. \u201eEin solches Geheimnis gibt es nicht\u201c, meint allerdings Lilly Bargel (16). Und gibt sich damit vielleicht doch etwas zu bescheiden.<\/p>\n<p class=\"Textstyled__Text-sc-1cqv9mi-0 cLyiiX\">Die Zauberformel l\u00e4sst sich ma\u00dfgeblich auf ein einziges Wort reduzieren: Arbeit. Es gibt keine Ausschusssitzung und keine Versammlung der Gemeindevertretung, in der das Jugendparlament nicht mit einem oder meist sogar mehreren Mitgliedern Flagge zeigt. Auch sonst ist in Kronshagen Verlass darauf: Wenn es wichtig wird, erhebt der Kinder- und Jugendbeirat seine Stimme. <\/p>\n<p>Kinder- und Jugendbeirat Kronshagen macht selber Politik<\/p>\n<p class=\"Textstyled__Text-sc-1cqv9mi-0 cLyiiX\">Ist es aber nicht oft \u00f6de, wenn die Erwachsenen \u00fcber Bebauungspl\u00e4ne, Nachtragshaushalte und andere Dinge diskutieren? Eigentlich gar nicht, meint die 15-j\u00e4hrige Martha Heintze. \u201eNicht so spannend\u201c fand sie solche Themen nur fr\u00fcher, als sie noch nicht recht verstand, worum es geht in der Kommunalpolitik.<\/p>\n<p>Weiterlesen nach der Anzeige<\/p>\n<p>Weiterlesen nach der Anzeige<\/p>\n<p class=\"Textstyled__Text-sc-1cqv9mi-0 cLyiiX\">Zudem hat der Beirat immer wieder auch selber Politik gemacht. Gemeinsam mit Kindern vom Treff 34 setzte er ein neues Spielger\u00e4t auf der Fu\u00dfsteigkoppel durch. Es wurde ein Begegnungsnachmittag f\u00fcr junge Leute und Kommunalpolitiker organisiert, und zuletzt stellte das Gremium ein Sommerkino auf die Beine. Was auch deshalb m\u00f6glich ist, weil der Kinder- und Jugendbeirat \u00fcber ein Budget verf\u00fcgt, sodass er nicht wegen jeder Ausgabe die \u201eGro\u00dfen\u201c fragen muss.<\/p>\n<p>Kandidaten m\u00fcssen 12 bis 19 Jahre alt sein<\/p>\n<p class=\"Textstyled__Text-sc-1cqv9mi-0 cLyiiX\">Landesweite Wahlen f\u00fcr die Kinder- und Jugendbeir\u00e4te der St\u00e4dte und Gemeinden sind f\u00fcr den 17. bis 23. November 2025 ausgerufen. In Kronshagen wird vom 17. bis 21. November abgestimmt. Kandidieren darf, wer zwischen 12 und 19 Jahre alt ist und in Kronshagen wohnt oder zur Schule geht. Unterlagen zur Bewerbung, die bis zum 2. Oktober m\u00f6glich ist, gibt es auf der <a href=\"https:\/\/www.kronshagen.de\/leben-wohnen\/familien-kinder-jugendliche\/kinder-und-jugendbeirat\" target=\"_self\" rel=\"nofollow noopener\" title=\"https:\/\/www.kronshagen.de\/leben-wohnen\/familien-kinder-jugendliche\/kinder-und-jugendbeirat\" data-vars-event-category=\"intext_link\" data-vars-event-action=\"click\" data-vars-event-label=\"https:\/\/www.kronshagen.de\/leben-wohnen\/familien-kinder-jugendliche\/kinder-und-jugendbeirat\">Homepage der Gemeinde Kronshagen<\/a>.<\/p>\n<p class=\"Textstyled__Text-sc-1cqv9mi-0 cLyiiX\">Wahlberechtigt sind alle 10- bis 19-J\u00e4hrigen. Im Herbst 2023 waren 1252 junge Leute aufgerufen, 439 oder 35 Prozent machten von ihrem Wahlrecht Gebrauch. Landesweit war das ein Spitzenwert.<\/p>\n<p class=\"Editorialstyled__Editorial-sc-5u8rgl-0 cBUuy\">KN<\/p>\n","protected":false},"excerpt":{"rendered":"Kronshagen. Im Herbst 2023 traten elf tatendurstige junge Leute an, um frischen Wind in die Kommunalpolitik in Kronshagen&hellip;\n","protected":false},"author":2,"featured_media":410782,"comment_status":"","ping_status":"","sticky":false,"template":"","format":"standard","meta":{"footnotes":""},"categories":[1852],"tags":[3364,29,548,663,3934,30,13,4949,14,15,12,1971],"class_list":{"0":"post-410781","1":"post","2":"type-post","3":"status-publish","4":"format-standard","5":"has-post-thumbnail","7":"category-kiel","8":"tag-de","9":"tag-deutschland","10":"tag-eu","11":"tag-europa","12":"tag-europe","13":"tag-germany","14":"tag-headlines","15":"tag-kiel","16":"tag-nachrichten","17":"tag-news","18":"tag-schlagzeilen","19":"tag-schleswig-holstein"},"share_on_mastodon":{"url":"https:\/\/pubeurope.com\/@de\/115178113898485916","error":""},"_links":{"self":[{"href":"https:\/\/www.europesays.com\/de\/wp-json\/wp\/v2\/posts\/410781","targetHints":{"allow":["GET"]}}],"collection":[{"href":"https:\/\/www.europesays.com\/de\/wp-json\/wp\/v2\/posts"}],"about":[{"href":"https:\/\/www.europesays.com\/de\/wp-json\/wp\/v2\/types\/post"}],"author":[{"embeddable":true,"href":"https:\/\/www.europesays.com\/de\/wp-json\/wp\/v2\/users\/2"}],"replies":[{"embeddable":true,"href":"https:\/\/www.europesays.com\/de\/wp-json\/wp\/v2\/comments?post=410781"}],"version-history":[{"count":0,"href":"https:\/\/www.europesays.com\/de\/wp-json\/wp\/v2\/posts\/410781\/revisions"}],"wp:featuredmedia":[{"embeddable":true,"href":"https:\/\/www.europesays.com\/de\/wp-json\/wp\/v2\/media\/410782"}],"wp:attachment":[{"href":"https:\/\/www.europesays.com\/de\/wp-json\/wp\/v2\/media?parent=410781"}],"wp:term":[{"taxonomy":"category","embeddable":true,"href":"https:\/\/www.europesays.com\/de\/wp-json\/wp\/v2\/categories?post=410781"},{"taxonomy":"post_tag","embeddable":true,"href":"https:\/\/www.europesays.com\/de\/wp-json\/wp\/v2\/tags?post=410781"}],"curies":[{"name":"wp","href":"https:\/\/api.w.org\/{rel}","templated":true}]}}