{"id":410783,"date":"2025-09-10T04:28:15","date_gmt":"2025-09-10T04:28:15","guid":{"rendered":"https:\/\/www.europesays.com\/de\/410783\/"},"modified":"2025-09-10T04:28:15","modified_gmt":"2025-09-10T04:28:15","slug":"die-ahornrettung-von-chemnitz-toedliches-finale-mit-biss","status":"publish","type":"post","link":"https:\/\/www.europesays.com\/de\/410783\/","title":{"rendered":"Die Ahornrettung von Chemnitz: T\u00f6dliches Finale mit Biss"},"content":{"rendered":"<p>Dramatische Szenen in der Further Stra\u00dfe am n\u00f6rdlichen Br\u00fchl. Baumf\u00e4ller unter Polizeischutz rollen an, bringen ihren <a href=\"https:\/\/de.wikipedia.org\/wiki\/Harvester\" target=\"_blank\" rel=\"noreferrer nofollow noopener\">Harvester <\/a>in Stellung \u2013 und dann beginnt das Kreischen. Metalls\u00e4gez\u00e4hne fressen sich durchs Ahornholz. \u00c4ste brechen, Sp\u00e4ne wirbeln durch die Luft. Ein letztes Mal rauscht die Krone im Wind. <strong>Das Finale der Ahornrettung endet t\u00f6dlich f\u00fcr den 100 Jahre alten Baum \u2013 und schmerzhaft f\u00fcr einen Polizisten.<\/strong><\/p>\n<p>Dritte Runde am Baum<\/p>\n<p>Am Dienstag (9. September) r\u00fccken die F\u00e4llspezialisten zum dritten Mal an. <a href=\"https:\/\/www.radiochemnitz.de\/beitrag\/die-ahornrettung-von-chemnitz-teil-2-876856\/\" rel=\"nofollow noopener\" target=\"_blank\">Schon zweimal hatten Anwohner den Einsatz gestoppt<\/a>. Sie kletterten in die Krone, hielten das Holz besetzt. Heute gelingt das nicht mehr. Unter Polizeischutz f\u00e4llt der Ahorn St\u00fcck f\u00fcr St\u00fcck.<\/p>\n<p>Eskalation mit Biss<\/p>\n<p><strong>Als Beamte eine Frau vom Stamm l\u00f6sen wollen, eskaliert die Lage. Die 46-J\u00e4hrige bei\u00dft einem Polizisten in den Arm. Sekunden sp\u00e4ter wird sie in Gewahrsam genommen. W\u00e4hrenddessen s\u00e4gen die Arbeiter weiter, Ast um Ast.<\/strong><\/p>\n<p>Argumente der Retter<\/p>\n<p>Die Baumretter hatten stets betont, dass es kein ausreichendes Artenschutzgutachten gebe. Ihrer Ansicht nach k\u00f6nnten zwei gesch\u00fctzte Fledermausarten in dem Ahorn leben. F\u00fcr sie war der Baum mehr als Holz \u2013 er war R\u00fcckzugsort und Symbol.<\/p>\n<p>Sicht der Stadt<\/p>\n<p>Die Stadtverwaltung verweist auf die Baugenehmigung. Sie umfasst auch die F\u00e4llung des Ahorns. Ein Gutachten habe festgestellt, dass der Baum durch Schadstellen und Pilzbefall nicht mehr bruchsicher sei. Deshalb sei die F\u00e4llung auch im Schutzzeitraum erlaubt worden \u2013 wegen akuter Gef\u00e4hrdung der Verkehrssicherheit. So argumentiert auch der Bauherr.<\/p>\n<p>Tiefgarage statt Krone<\/p>\n<p>Der Ahorn weicht einer geplanten Tiefgarage. Erst am 25. August hatten Umweltsch\u00fctzer den Baum noch einmal vor dem Tod bewahren k\u00f6nnen. Doch nun ist die finale Entscheidung gefallen \u2013 mit\u00a0\u00a0schweren Motors\u00e4gen und unter Polizeischutz.<\/p>\n","protected":false},"excerpt":{"rendered":"Dramatische Szenen in der Further Stra\u00dfe am n\u00f6rdlichen Br\u00fchl. Baumf\u00e4ller unter Polizeischutz rollen an, bringen ihren Harvester in&hellip;\n","protected":false},"author":2,"featured_media":410784,"comment_status":"","ping_status":"","sticky":false,"template":"","format":"standard","meta":{"footnotes":""},"categories":[1851],"tags":[2770,3364,29,548,663,3934,30,13,14,15,859,12],"class_list":{"0":"post-410783","1":"post","2":"type-post","3":"status-publish","4":"format-standard","5":"has-post-thumbnail","7":"category-chemnitz","8":"tag-chemnitz","9":"tag-de","10":"tag-deutschland","11":"tag-eu","12":"tag-europa","13":"tag-europe","14":"tag-germany","15":"tag-headlines","16":"tag-nachrichten","17":"tag-news","18":"tag-sachsen","19":"tag-schlagzeilen"},"share_on_mastodon":{"url":"https:\/\/pubeurope.com\/@de\/115178117881612932","error":""},"_links":{"self":[{"href":"https:\/\/www.europesays.com\/de\/wp-json\/wp\/v2\/posts\/410783","targetHints":{"allow":["GET"]}}],"collection":[{"href":"https:\/\/www.europesays.com\/de\/wp-json\/wp\/v2\/posts"}],"about":[{"href":"https:\/\/www.europesays.com\/de\/wp-json\/wp\/v2\/types\/post"}],"author":[{"embeddable":true,"href":"https:\/\/www.europesays.com\/de\/wp-json\/wp\/v2\/users\/2"}],"replies":[{"embeddable":true,"href":"https:\/\/www.europesays.com\/de\/wp-json\/wp\/v2\/comments?post=410783"}],"version-history":[{"count":0,"href":"https:\/\/www.europesays.com\/de\/wp-json\/wp\/v2\/posts\/410783\/revisions"}],"wp:featuredmedia":[{"embeddable":true,"href":"https:\/\/www.europesays.com\/de\/wp-json\/wp\/v2\/media\/410784"}],"wp:attachment":[{"href":"https:\/\/www.europesays.com\/de\/wp-json\/wp\/v2\/media?parent=410783"}],"wp:term":[{"taxonomy":"category","embeddable":true,"href":"https:\/\/www.europesays.com\/de\/wp-json\/wp\/v2\/categories?post=410783"},{"taxonomy":"post_tag","embeddable":true,"href":"https:\/\/www.europesays.com\/de\/wp-json\/wp\/v2\/tags?post=410783"}],"curies":[{"name":"wp","href":"https:\/\/api.w.org\/{rel}","templated":true}]}}