{"id":410785,"date":"2025-09-10T04:29:31","date_gmt":"2025-09-10T04:29:31","guid":{"rendered":"https:\/\/www.europesays.com\/de\/410785\/"},"modified":"2025-09-10T04:29:31","modified_gmt":"2025-09-10T04:29:31","slug":"stadtradeln-braunschweig-vielfaeltiges-programm-laedt-zum-mitradeln-ein","status":"publish","type":"post","link":"https:\/\/www.europesays.com\/de\/410785\/","title":{"rendered":"STADTRADELN Braunschweig: Vielf\u00e4ltiges Programm l\u00e4dt zum Mitradeln ein"},"content":{"rendered":"<p>Symbolfoto. | Foto: Pixabay<\/p>\n<p class=\"datum\">09.09.2025, 16:13 Uhr<\/p>\n<p><strong>Braunschweig. &#8222;F\u00fcr Braunschweig, f\u00fcr das Klima, f\u00fcr dich&#8220;: Seit Sonntag l\u00e4uft unter diesem Motto bereits zum neunten Mal die Aktion STADTRADELN <a class=\"redlink\" href=\"https:\/\/regionalheute.de\/braunschweig\/\" rel=\"nofollow noopener\" target=\"_blank\">in Braunschweig<\/a>: F\u00fcr 7.264 bisher registrierte Braunschweigerinnen und Brauschweiger gilt es nun, bis zum 27. September flei\u00dfig Kilometer f\u00fcr das eigene Team und die L\u00f6wenstadt zu sammeln, ein Zeichen f\u00fcr den Umweltschutz zu setzen und die eigene Gesundheit zu f\u00f6rdern.<br \/><\/strong><br \/>\n<\/p>\n<p>Mitradeln k\u00f6nnen alle, die in Braunschweig wohnen, arbeiten, zur Schule gehen oder einem Verein oder einer Hochschule angeh\u00f6ren. Ob Fahrrad, E-Bike oder Handbike \u2013 jeder Kilometer z\u00e4hlt! Wer kein eigenes Rad hat, kann einfach auf die Veloleo-Leihfahrr\u00e4der zur\u00fcckgreifen. An 150 Stationen stehen rund 800 R\u00e4der bereit, um direkt loszufahren. Anmeldungen sind noch bis Veranstaltungsende unter www.stadtradeln.de\/braunschweig oder in der STADTRADELN-App m\u00f6glich. Inspiration f\u00fcr eine Fahrradtour oder den Anlass zum Radeln geben vielf\u00e4ltige und abwechslungsreiche Veranstaltungen w\u00e4hrend des Aktionszeitraums.<\/p>\n<p>Buntes Programm zum STADTRADELN<\/p>\n<p>Begleitend zum STADTRADELN bietet die Braunschweig Stadtmarketing GmbH drei gef\u00fchrte Fahrradtouren an. So k\u00f6nnen die Radlerinnen und Radler die Sehensw\u00fcrdigkeiten der Stadt entdecken, in die Braunschweiger Geschichte eintauchen und gleichzeitig viele Kilometer erradeln. Los geht es am Sonntag, 14. September, mit G\u00e4stef\u00fchrer Andreas Schwartz und der F\u00fchrung &#8222;Wo das Verbrechen zuhause ist&#8220;: Die Fahrradtour f\u00fchrt zu den dunklen Seiten Braunschweigs und zu den Tatorten echter Kriminalf\u00e4lle. Auf den Spuren zweier Residenzst\u00e4dte radeln die Teilnehmerinnen und Teilnehmer am Mittwoch, 17. September, zusammen mit G\u00e4stef\u00fchrer Thomas Baumgarten. Entlang des Ufers der Oker und auf der ehemaligen Reisestrecke der Welfenherz\u00f6ge geht es von Braunschweig nach Wolfenb\u00fcttel. Bei der Tour &#8222;Mit dem Fahrrad um die Wallanlagen&#8220; fahren Interessierte am Mittwoch, 24. September, erneut mit Thomas Baumgarten entlang der mittelalterlichen Stadtgrenze, entdecken Sehensw\u00fcrdigkeiten aus Geschichte und Gegenwart und lernen einiges \u00fcber die Historie der L\u00f6wenstadt. Alle Radtouren sind \u00f6ffentliche F\u00fchrungen und auch f\u00fcr Einzelpersonen buchbar. Kleingruppen haben zus\u00e4tzlich die M\u00f6glichkeit, individuelle Termine zu buchen. Informationen zu den Kosten, Zeiten und Routen sind unter www.braunschweig.de\/sf-fahrradtouren abrufbar.<\/p>\n<p>Europ\u00e4ische Mobilit\u00e4tswoche <\/p>\n<p>Wer sich rund um das Thema nachhaltige Mobilit\u00e4t informieren m\u00f6chte, kann dies im Rahmen der Europ\u00e4ischen Mobilit\u00e4tswoche (EMW) tun. Vom 16. bis zum 22. September organisiert die Stadt Braunschweig zusammen mit dem Stadtmarketing abwechslungsreiche Veranstaltungen, Aktionen und Informationsangebote: Unter dem Motto &#8222;Poetry Slam trifft STADTRADELN&#8220; l\u00e4dt die Arbeitsgemeinschaft Fahrradfreundliche Kommunen (AGFK) in Kooperation mit der Stadt Braunschweig am Donnerstag, 18. September, in die Magnikirche ein. Hier treten die besten Poetry-Slammer der Region Niedersachsen-Bremen gegeneinander an und performen vor gro\u00dfem Publikum lebhaft ihre literarischen Texte zu den Themen Radfahren, STADTRADELN und Mobilit\u00e4t. Das Programm der EMW ist unter www.braunschweig.de\/emw zu finden.<\/p>\n<p>Kulinarische Schnitzeljagd<\/p>\n<p>F\u00fcr alle, die eine Radtour mit Kulinarik verbinden m\u00f6chten, findet am Samstag, 20. September, die erste Braunschweiger Kulinarische Schnitzeljagd statt. An verschiedenen Orten in Braunschweig probieren sich die Radlerinnen und Radler durch das kulinarische Angebot der Stadt. W\u00e4hrend des Aktionszeitraums finden einige Veranstaltungen statt, die einen Anlass bieten, mit dem Fahrrad in die Innenstadt zu fahren: Der Autor und Referent f\u00fcr Nachhaltigkeit Frank Herrmann legt mit seiner mehrw\u00f6chigen &#8222;Fairen Biketour&#8220; am Mittwoch, 10. September, einen Stopp in Braunschweig ein und verbindet seinen Halt mit interessanten Vortr\u00e4gen zu fairen und nachhaltigen Themen. Einen sportlichen Abschluss zum STADTRADELN bietet das &#8222;trendsporterlebnis&#8220; am 27. und 28. September. Besucherinnen und Besucher k\u00f6nnen das Sportangebot der Region kennenlernen und zahlreiche Sportarten ausprobieren.<\/p>\n<p>Weitere Informationen zum STADTRADELN und zum Programm gibt es unter www.stadtradeln.de\/braunschweig.<\/p>\n","protected":false},"excerpt":{"rendered":"Symbolfoto. | Foto: Pixabay 09.09.2025, 16:13 Uhr Braunschweig. &#8222;F\u00fcr Braunschweig, f\u00fcr das Klima, f\u00fcr dich&#8220;: Seit Sonntag l\u00e4uft&hellip;\n","protected":false},"author":2,"featured_media":410786,"comment_status":"","ping_status":"","sticky":false,"template":"","format":"standard","meta":{"footnotes":""},"categories":[1850],"tags":[6429,3364,29,548,663,3934,30,13,14,15,1411,12],"class_list":{"0":"post-410785","1":"post","2":"type-post","3":"status-publish","4":"format-standard","5":"has-post-thumbnail","7":"category-braunschweig","8":"tag-braunschweig","9":"tag-de","10":"tag-deutschland","11":"tag-eu","12":"tag-europa","13":"tag-europe","14":"tag-germany","15":"tag-headlines","16":"tag-nachrichten","17":"tag-news","18":"tag-niedersachsen","19":"tag-schlagzeilen"},"share_on_mastodon":{"url":"https:\/\/pubeurope.com\/@de\/115178121761665960","error":""},"_links":{"self":[{"href":"https:\/\/www.europesays.com\/de\/wp-json\/wp\/v2\/posts\/410785","targetHints":{"allow":["GET"]}}],"collection":[{"href":"https:\/\/www.europesays.com\/de\/wp-json\/wp\/v2\/posts"}],"about":[{"href":"https:\/\/www.europesays.com\/de\/wp-json\/wp\/v2\/types\/post"}],"author":[{"embeddable":true,"href":"https:\/\/www.europesays.com\/de\/wp-json\/wp\/v2\/users\/2"}],"replies":[{"embeddable":true,"href":"https:\/\/www.europesays.com\/de\/wp-json\/wp\/v2\/comments?post=410785"}],"version-history":[{"count":0,"href":"https:\/\/www.europesays.com\/de\/wp-json\/wp\/v2\/posts\/410785\/revisions"}],"wp:featuredmedia":[{"embeddable":true,"href":"https:\/\/www.europesays.com\/de\/wp-json\/wp\/v2\/media\/410786"}],"wp:attachment":[{"href":"https:\/\/www.europesays.com\/de\/wp-json\/wp\/v2\/media?parent=410785"}],"wp:term":[{"taxonomy":"category","embeddable":true,"href":"https:\/\/www.europesays.com\/de\/wp-json\/wp\/v2\/categories?post=410785"},{"taxonomy":"post_tag","embeddable":true,"href":"https:\/\/www.europesays.com\/de\/wp-json\/wp\/v2\/tags?post=410785"}],"curies":[{"name":"wp","href":"https:\/\/api.w.org\/{rel}","templated":true}]}}