{"id":410789,"date":"2025-09-10T04:31:09","date_gmt":"2025-09-10T04:31:09","guid":{"rendered":"https:\/\/www.europesays.com\/de\/410789\/"},"modified":"2025-09-10T04:31:09","modified_gmt":"2025-09-10T04:31:09","slug":"die-stadt-gelsenkirchen-sponsert-energieberatungen","status":"publish","type":"post","link":"https:\/\/www.europesays.com\/de\/410789\/","title":{"rendered":"Die Stadt Gelsenkirchen sponsert Energieberatungen"},"content":{"rendered":"<ul>\n<li><strong>Die ersten 50 Interessenten bekommen den Zuschlag<\/strong><\/li>\n<li><strong>Normalerweise kostet die Beratung 40 Euro <\/strong><\/li>\n<\/ul>\n<p>F\u00fcr die ersten 50 Interessenten zahlt die Stadt Gelsenkirchen eine Vor-Ort-Energieberatung durch die Verbraucherzentrale NRW. Dabei checken Experten bei euch zuhause Heizung, Fenster und D\u00e4mmung und geben individuelle Tipps zur Sanierung. Laut Stadt kostet die anderthalbst\u00fcndige Beratung normalerweise 40 Euro. Anmeldungen sind ab dem 15. September m\u00f6glich &#8211; per E-Mail (gelsenkirchen.energie@verbraucherzentrale.nrw) oder Telefon (0209 \/ 15 76 03 77). Die Beratungstermine k\u00f6nnt ihr bis Ende Oktober vereinbaren.<\/p>\n","protected":false},"excerpt":{"rendered":"Die ersten 50 Interessenten bekommen den Zuschlag Normalerweise kostet die Beratung 40 Euro F\u00fcr die ersten 50 Interessenten&hellip;\n","protected":false},"author":2,"featured_media":410790,"comment_status":"","ping_status":"","sticky":false,"template":"","format":"standard","meta":{"footnotes":""},"categories":[1848],"tags":[108618,3364,29,66425,548,663,3934,3658,30,13,14,15,1209,12,13089],"class_list":{"0":"post-410789","1":"post","2":"type-post","3":"status-publish","4":"format-standard","5":"has-post-thumbnail","7":"category-gelsenkirchen","8":"tag-verbraucherzentrale-nrw","9":"tag-de","10":"tag-deutschland","11":"tag-energieberatung","12":"tag-eu","13":"tag-europa","14":"tag-europe","15":"tag-gelsenkirchen","16":"tag-germany","17":"tag-headlines","18":"tag-nachrichten","19":"tag-news","20":"tag-nordrhein-westfalen","21":"tag-schlagzeilen","22":"tag-sponsoring"},"share_on_mastodon":{"url":"https:\/\/pubeurope.com\/@de\/115178129710633355","error":""},"_links":{"self":[{"href":"https:\/\/www.europesays.com\/de\/wp-json\/wp\/v2\/posts\/410789","targetHints":{"allow":["GET"]}}],"collection":[{"href":"https:\/\/www.europesays.com\/de\/wp-json\/wp\/v2\/posts"}],"about":[{"href":"https:\/\/www.europesays.com\/de\/wp-json\/wp\/v2\/types\/post"}],"author":[{"embeddable":true,"href":"https:\/\/www.europesays.com\/de\/wp-json\/wp\/v2\/users\/2"}],"replies":[{"embeddable":true,"href":"https:\/\/www.europesays.com\/de\/wp-json\/wp\/v2\/comments?post=410789"}],"version-history":[{"count":0,"href":"https:\/\/www.europesays.com\/de\/wp-json\/wp\/v2\/posts\/410789\/revisions"}],"wp:featuredmedia":[{"embeddable":true,"href":"https:\/\/www.europesays.com\/de\/wp-json\/wp\/v2\/media\/410790"}],"wp:attachment":[{"href":"https:\/\/www.europesays.com\/de\/wp-json\/wp\/v2\/media?parent=410789"}],"wp:term":[{"taxonomy":"category","embeddable":true,"href":"https:\/\/www.europesays.com\/de\/wp-json\/wp\/v2\/categories?post=410789"},{"taxonomy":"post_tag","embeddable":true,"href":"https:\/\/www.europesays.com\/de\/wp-json\/wp\/v2\/tags?post=410789"}],"curies":[{"name":"wp","href":"https:\/\/api.w.org\/{rel}","templated":true}]}}