{"id":410884,"date":"2025-09-10T05:27:20","date_gmt":"2025-09-10T05:27:20","guid":{"rendered":"https:\/\/www.europesays.com\/de\/410884\/"},"modified":"2025-09-10T05:27:20","modified_gmt":"2025-09-10T05:27:20","slug":"wie-sich-brandenburg-zur-deutschen-sumo-hochburg-entwickelte","status":"publish","type":"post","link":"https:\/\/www.europesays.com\/de\/410884\/","title":{"rendered":"Wie sich Brandenburg zur deutschen Sumo-Hochburg entwickelte"},"content":{"rendered":"<p>\tWM in Bangkok<br \/>\n\t &#8211; <\/p>\n<p>\t\tWie sich Brandenburg zur deutschen Sumo-Hochburg entwickelte<\/p>\n<p>\n        Mi 10.09.25 | 06:18 Uhr  | Von Thomas Juschus\n    <\/p>\n<p><img decoding=\"async\" src=\"https:\/\/www.europesays.com\/de\/wp-content\/uploads\/2025\/09\/1757482039_891_size=708x398.jpg\" alt=\"Sumo-Ringerin Lucie Fiedler (l.\/Spremberg) mit Bundestrainerin Sandra K\u00f6ppen-Zuckschwerdt in Bangkok. \/ privat\" title=\"Sumo-Ringerin Lucie Fiedler (l.\/Spremberg) mit Bundestrainerin Sandra K\u00f6ppen-Zuckschwerdt in Bangkok. \/ privat\" id=\"1910653734\"\/><\/p>\n<p>privat<\/p>\n<p>Video: rbb24 Brandenburg aktuell | 07.09.2025 | Sebastian Schiller | Bild: privat <\/p>\n<p>Sandra K\u00f6ppen-Zuckschwerdt war Olympia-Teilnehmerin im Judo, ehe sie vor mehr als 25 Jahren Sumo f\u00fcr sich entdeckte. In der Folge machte sie Brandenburg zur deutschen Hochburg f\u00fcr japanisches Ringen. Bei der WM lebt nun der Medaillentraum. Von Thomas Juschus<\/p>\n<p>\t\t\t\t\t<a name=\"articlesContList\/text_0\"\/><\/p>\n<p>\u00dcberraschte und manchmal auch fragende Gesichter bei ihrem Gegen\u00fcber ist Lucie Fiedler inzwischen gewohnt, wenn sie von ihrer gro\u00dfen sportlichen Leidenschaft erz\u00e4hlt. Dabei ist die 18-J\u00e4hrige vom KSC Asahi Spremberg eine der gr\u00f6\u00dften deutschen Nachwuchshoffnungen in ihrer Sportart und eine der Medaillenhoffnungen f\u00fcr die Weltmeisterschaften, die am Samstag und Sonntag in Pathum Thani &#8211; unweit der thail\u00e4ndischen Millionenmetropole Bangkok &#8211; stattfinden.<\/p>\n<p>\t\t\t\t\t<a name=\"articlesContList\/teaserbox_1448499576\"\/><\/p>\n<ul>\n<li class=\"count1 doctypebeitrag first last layoutstandard manualteaser odd\">\n<a href=\"https:\/\/www.rbb24.de\/sport\/beitrag\/2024\/07\/brandenburg-spremberg-sumo-ringen-vorbereitungen-wm.html\" class=\"beitrag\" rel=\"nofollow noopener\" target=\"_blank\"><img decoding=\"async\" src=\"https:\/\/www.europesays.com\/de\/wp-content\/uploads\/2025\/09\/1757482040_450_size=320x180.jpg\" alt=\"Sumok\u00e4mpferin Lucie Fiedler trainiert im Juli 2024 beim KSC Asahi Spremberg f\u00fcr die Sumo-WM 2024 in Polen. (Quelle: rbb\/Iris Wu\u00dfmann)\" title=\"Sumok\u00e4mpferin Lucie Fiedler trainiert im Juli 2024 beim KSC Asahi Spremberg f\u00fcr die Sumo-WM 2024 in Polen. (Quelle: rbb\/Iris Wu\u00dfmann)\" id=\"articlesContList_teaserbox_1448499576_teaserList_manualteaser_1492366652\"\/><\/a><\/p>\n<p>rbb\/Iris Wu\u00dfmann<\/p>\n<p>\t\t<a href=\"https:\/\/www.rbb24.de\/sport\/beitrag\/2024\/07\/brandenburg-spremberg-sumo-ringen-vorbereitungen-wm.html\" class=\"beitrag\" rel=\"nofollow noopener\" target=\"_blank\">Kampfsport &#8211;<br \/>\n\t\t\tSpremberger Sumo-Talente bereiten sich auf WM vor<\/p>\n<p>\t\t<\/a><\/p>\n<p>Alle Welt spricht gerade von Olympia &#8211; drei Spremberger bereiten sich derweil intensiv auf ihre Weltmeisterschaft vor. Sie wollen die neuen Sterne am Sumo-Himmel werden &#8211; obwohl sie bei ihrem Vereineigentlich mal mit Judo angefangen haben.<\/p>\n<\/li>\n<\/ul>\n<p>\t\t\t\t\t<a name=\"articlesContList\/text_2147157176\"\/><\/p>\n<p>&#8222;Die meisten Menschen sind aber begeistert, dass ich so einen untypischen Sport mache und die Lausitz auch weit \u00fcber die Region hinaus vertrete&#8220;, berichtet Fiedler mit einem fr\u00f6hlichen Lachen und auch etwas Stolz in der Stimme. Die Sprembergerin ist eine Sumotori &#8211; und geh\u00f6rt zu Deutschlands besten Sumo-K\u00e4mpferinnen, der aus Japan stammenden Form des Ringkampfs.<\/p>\n<p>\t\t\t\t\t<a name=\"articlesContList\/text_1361785619\"\/><br \/>\n\t\t\t\t\tAcht der zehn WM-Starter aus Brandenburg<\/p>\n<p>Beim KSC Asahi Spremberg ist seit einigen Jahren neben der PSG Dynamo Brandenburg der zweite Landesleistungsst\u00fctzpunkt Brandenburgs im Sumo angesiedelt. Und in der Mark schl\u00e4gt gewisserma\u00dfen das Herz im Sumo-Sport f\u00fcr ganz Deutschland.<\/p>\n<p>Acht der zehn nominierten deutschen Sportlerinnen und Sportler f\u00fcr die WM kommen aus Brandenburg. Neben Fiedler, die sowohl in der Altersklasse U18 als auch bei den Frauen bei der WM starten wird, sind das Rosalie B\u00fcttner und Phumpaya Mazur (beide Spremberg), Finnley Kriegel, Miro Broswitz und Thomas Kriegel (alle SV Motor Babelsberg) sowie Alexander Jack und Marie-Luis Zuckschwerdt (beide PSG Dynamo Brandenburg).<\/p>\n<p>\t\t\t\t\t<a name=\"articlesContList\/teaserbox_587513628\"\/><\/p>\n<blockquote>\n<p class=\"manualteasershortteaser\">So intensiv wie bei uns in Brandenburg wird nirgendwo in Deutschland Sumo betrieben.<\/p>\n<\/blockquote>\n<p>Sumo-Bundestrainerin Sandra K\u00f6ppen-Zuckschwerdt<\/p>\n<p>\t\t\t\t\t<a name=\"articlesContList\/text_23829527\"\/><\/p>\n<p>&#8222;So intensiv wie bei uns in Brandenburg wird nirgendwo in Deutschland Sumo betrieben&#8220;, sagt Sandra K\u00f6ppen-Zuckschwerdt. Die 50-J\u00e4hrige, in Sydney 2000, Athen 2004 und Peking 2008 Olympia-Teilnehmerin im Judo, brachte Ende der neunziger Jahre Sumo nach Deutschland und sorgte in den Jahren danach mit ihren Erfolgen f\u00fcr einen regelrechten Hype um den japanischen Nationalsport, der von vielen Mythen und noch mehr Traditionen umgeben ist.<\/p>\n<p>Sieben WM- und EM-Titel sowie Gold bei den World Games &#8211; dem &#8222;Olympia&#8220; f\u00fcr nicht olympische Sportarten &#8211; stehen in ihrer Vita. Heute ist sie Bundestrainerin und Pr\u00e4sidentin des Deutschen Sumo-Bundes und damit weiter Motor f\u00fcr eine Nischensportart.<\/p>\n<p>\t\t\t\t\t<a name=\"articlesContList\/teaserbox_1000448399\"\/><\/p>\n<p>\t\t\t\t\t<a name=\"articlesContList\/text\"\/><br \/>\n\t\t\t\t\tMehr als 300 Sumo-Sportler in Brandenburg<\/p>\n<p>Offizielle Zahlen vom Deutschen Olympischen Sport Bund (DOSB) zu Sumo in Deutschland gibt es nicht. In Brandenburg hat sich der japanische Ringkampf dagegen etabliert und wird derzeit von 306 Sportlerinnen und Sportlern in sechs Vereinen betrieben. Gut die H\u00e4lfte davon geh\u00f6ren zur PSG Dynamo Brandenburg &#8211; dem Verein, bei dem mit Sandra K\u00f6ppen-Zuckschwerdt und ihrem Trainer und Ehemann Wolfgang Zuckschwerdt alles begann.<\/p>\n<p>In Spremberg wird seit Anfang 2020 Sumo gek\u00e4mpft, rund 30 Mitglieder z\u00e4hlt die Abteilung von Trainer Phumpanya Mazur, der selbst auch als Athlet bei der WM am Start ist. &#8222;Ja, wir sind ein kleiner Verband. Wir haben angefangen mit Sumo aus B\u00fcchern und Videos, aber wir haben uns in den vergangenen Jahren voll hochgearbeitet &#8211; solche Erfolge hatte kaum eine andere Sportart&#8220;, sagt Sandra K\u00f6ppen-Zuckschwerdt. Nach den World Games 2020 habe ein Verj\u00fcngungsprozess in der Nationalmannschaft eingesetzt. Bei der WM in Bangkok sei die Zeit nun wieder reif, Medaillen zu gewinnen.<\/p>\n<p>\t\t\t\t\t<a name=\"articlesContList\/text_1191818888\"\/><br \/>\n\t\t\t\t\tLucie Fiedler aus Spremberg ist Medaillenhoffnung <\/p>\n<p>&#8222;Wir fahren mit einem gut vorbereiteten und hochmotivierten Team nach Bangkok. Die Athleten haben in den vergangenen Monaten hart gearbeitet und verdienen diese Chance. Wir m\u00f6chten nicht nur teilnehmen, sondern aktiv ins Geschehen eingreifen&#8220;, so Bundestrainerin Sandra K\u00f6ppen-Zuckschwerdt.<\/p>\n<p>Besonders im Nachwuchsbereich gelte es, das hohe Niveau der Vorjahre zu best\u00e4tigen und Erfahrungen f\u00fcr den weiteren internationalen Weg zu sammeln. &#8222;Ich hoffe und bete f\u00fcr eine Medaille im Jugendbereich&#8220;, sagt Sandra K\u00f6ppen-Zuckschwerdt. F\u00fcr die k\u00f6nnte Lucie Fiedler sorgen, die im Vorjahr Platz f\u00fcnf belegte und ganz knapp Edelmetall verpasste. &#8222;Lucie hat bei den M\u00e4dchen eine gute Chance, wenn sie gut drauf ist. Ihr traue ich eine Medaille zu&#8220;, sagt die Bundestrainerin.<\/p>\n<p>\t\t\t\t\t<a name=\"articlesContList\/teaserbox_1496741139\"\/><\/p>\n<blockquote>\n<p class=\"manualteasershortteaser\">Dass nur Dicke beim Sumo k\u00e4mpfen, ist ein Klischee. Viele Leute denken immer, da rennen zwei Puddinge aufeinander zu. Das ist aber nicht so.<\/p>\n<\/blockquote>\n<p>Sumo-Bundestrainerin Sandra K\u00f6ppen-Zuckschwerdt<\/p>\n<p>\t\t\t\t\t<a name=\"articlesContList\/text_621803250\"\/><\/p>\n<p>Kurios: Lucie Fiedler muss f\u00fcr ihren Medaillentraum in der U18 erstmal noch Gewicht abnehmen &#8211; im Gegensatz zu den professionellen Sumo-K\u00e4mpfern in Japan gibt es im internationalen Wettkampfsport wie im Ringen oder Judo auch Gewichtsklassen. &#8222;Dass nur Dicke beim Sumo k\u00e4mpfen, ist ein Klischee. Viele Leute denken immer, da rennen zwei Puddinge aufeinander zu. Das ist aber nicht so. Ich hab hier Leute, die m\u00fcssen zunehmen. Und ich hab hier Leute, die m\u00fcssen abnehmen&#8220;, erkl\u00e4rt Sandra K\u00f6ppen-Zuckschwerdt.<\/p>\n<p>Lucie Fiedler geh\u00f6rt in die zweite Kategorie. Die Sprembergerin startet in der U18 im Limit bis 60 kg. &#8222;Wir haben vor drei Monaten die Entscheidung getroffen. Ich habe danach meine Ern\u00e4hrung umgestellt und auch mehr trainiert&#8220;, sagt Fiedler, die seitdem fast f\u00fcnf Kilogramm Gewicht verloren hat. Auch an der Schnelligkeit beim Start habe sie intensiv gearbeitet. &#8222;Nachdem ich so knapp im Vorjahr Bronze verpasst habe, m\u00f6chte ich in diesem Jahr unbedingt eine Medaille gewinnen &#8211; mindestens Bronze&#8220;, sagt Lucie Fiedler, die vor Jahren durch einen Sumo-Schnuppertag in Spremberg zum Sport kam.<\/p>\n<p>\t\t\t\t\t<a name=\"articlesContList\/teaserbox_1813945105\"\/><\/p>\n<p>\t\t\t\t\t<a name=\"articlesContList\/text_824004717\"\/><br \/>\n\t\t\t\t\t&#8222;Schocktherapie&#8220; auf kn\u00fcppelhartem Boden<\/p>\n<p>Am Montag ist die Brandenburger Reisegruppe, verst\u00e4rkt durch Johanna Rabl (JC Ueckerm\u00fcnde) und Lorenz Moor (KiK Berlin), nach Bangkok geflogen. Nach dem Wiegen am Donnerstag und Freitag erwartet dort die Sumo-Ringerinnen und -Ringer im Nantanakarn Building der Rangsit University neben schw\u00fcl-warmen Temperaturen und einer fremden Kultur auch ungewohnte Bedingungen.<\/p>\n<p>W\u00e4hrend zuhause in Brandenburg wie beim Judo auf Matten trainiert wird, wird f\u00fcr die WM der 4,55 Meter gro\u00dfe Ring (Dohyo) aus Stroh und Lehm gestampft. &#8222;Das wird f\u00fcr viele unserer jungen Leute eine Schocktherapie. Der Boden ist kn\u00fcppelhart &#8211; wie Beton&#8220;, warnt Sandra K\u00f6ppen-Zuckschwerdt. Es empfiehlt sich also auf jeden Fall auf den F\u00fc\u00dfen zu bleiben. Ohnehin hat die meist nur wenige Sekunden dauernden K\u00e4mpfe verloren, wer den Dohyo verl\u00e4sst oder den Boden mit einem anderen K\u00f6rperteil als den Fu\u00dfsohlen ber\u00fchrt.<\/p>\n<p>\t\t\t\t\t<a name=\"articlesContList\/text_1982640753\"\/><br \/>\n\t\t\t\t\tR\u00fcckkehr in das World-Games-Programm der n\u00e4chste Schritt<\/p>\n<p>Neben einer erfolgreichen WM in Bangkok haben Sandra K\u00f6ppen-Zuckschwerdt und Lucie Fiedler noch einen zweiten gemeinsamen Wunsch: dass ihre Sportart irgendwann olympisch wird. &#8222;Ja, nat\u00fcrlich habe ich als Leistungssportlerin den Traum, einmal bei den Olympischen Spielen dabei zu sein&#8220;, sagt Fiedler. Erste Schritte seien gemacht, wie Gender-Equality bei der WM oder die Einf\u00fchrung von Gewichtsklassen. &#8222;Aber wir brauchen nat\u00fcrlich noch ein viel gr\u00f6\u00dfere Breite f\u00fcr den Sport, nicht nur in Deutschland&#8220;, sagt Sandra K\u00f6ppen-Zuckschwerdt.<\/p>\n<p>N\u00e4chstes Ziel sei es, 2029 bei den World Games in Karlsruhe wieder im Programm zu stehen. Daf\u00fcr und f\u00fcr ihre Sportlerinnen und Sportler arbeitet Sandra K\u00f6ppen-Zuckschwerdt jeden Tag. &#8222;Das Sch\u00f6ne ist, dass wir beim Sumo alle gemeinsam Sport treiben k\u00f6nnen. Solange ich das Gef\u00fchl habe, dass ich gebraucht werde, mache ich weiter. Ich liebe diesen Sport.&#8220;<\/p>\n<p>\t\t\t\t\t<a name=\"articlesContList\/text_1\"\/><\/p>\n<p>Video: rbb24 Brandenburg aktuell, 07.09.2025, 19:30 Uhr<\/p>\n<p class=\"textblock\">Beitrag von Thomas Juschus<\/p>\n<p><a class=\"ico ico_arrow_wide_up\" title=\"An den Anfang\" href=\"#top\">  <\/a><\/p>\n","protected":false},"excerpt":{"rendered":"WM in Bangkok &#8211; Wie sich Brandenburg zur deutschen Sumo-Hochburg entwickelte Mi 10.09.25 | 06:18 Uhr | Von&hellip;\n","protected":false},"author":2,"featured_media":410885,"comment_status":"","ping_status":"","sticky":false,"template":"","format":"standard","meta":{"footnotes":""},"categories":[1816],"tags":[1960,1958,1959,1957,1956,1890,29,30],"class_list":{"0":"post-410884","1":"post","2":"type-post","3":"status-publish","4":"format-standard","5":"has-post-thumbnail","7":"category-brandenburg","8":"tag-aktuelle-nachrichten-aus-berlin-und-brandenburg","9":"tag-aktuelle-nachrichten-aus-brandenburg","10":"tag-aktuelle-news-aus-berlin-und-brandenburg","11":"tag-aktuelle-news-aus-brandenburg","12":"tag-berlin-und-brandenburg","13":"tag-brandenburg","14":"tag-deutschland","15":"tag-germany"},"share_on_mastodon":{"url":"https:\/\/pubeurope.com\/@de\/115178349821829847","error":""},"_links":{"self":[{"href":"https:\/\/www.europesays.com\/de\/wp-json\/wp\/v2\/posts\/410884","targetHints":{"allow":["GET"]}}],"collection":[{"href":"https:\/\/www.europesays.com\/de\/wp-json\/wp\/v2\/posts"}],"about":[{"href":"https:\/\/www.europesays.com\/de\/wp-json\/wp\/v2\/types\/post"}],"author":[{"embeddable":true,"href":"https:\/\/www.europesays.com\/de\/wp-json\/wp\/v2\/users\/2"}],"replies":[{"embeddable":true,"href":"https:\/\/www.europesays.com\/de\/wp-json\/wp\/v2\/comments?post=410884"}],"version-history":[{"count":0,"href":"https:\/\/www.europesays.com\/de\/wp-json\/wp\/v2\/posts\/410884\/revisions"}],"wp:featuredmedia":[{"embeddable":true,"href":"https:\/\/www.europesays.com\/de\/wp-json\/wp\/v2\/media\/410885"}],"wp:attachment":[{"href":"https:\/\/www.europesays.com\/de\/wp-json\/wp\/v2\/media?parent=410884"}],"wp:term":[{"taxonomy":"category","embeddable":true,"href":"https:\/\/www.europesays.com\/de\/wp-json\/wp\/v2\/categories?post=410884"},{"taxonomy":"post_tag","embeddable":true,"href":"https:\/\/www.europesays.com\/de\/wp-json\/wp\/v2\/tags?post=410884"}],"curies":[{"name":"wp","href":"https:\/\/api.w.org\/{rel}","templated":true}]}}