{"id":410886,"date":"2025-09-10T05:28:14","date_gmt":"2025-09-10T05:28:14","guid":{"rendered":"https:\/\/www.europesays.com\/de\/410886\/"},"modified":"2025-09-10T05:28:14","modified_gmt":"2025-09-10T05:28:14","slug":"ukraine-news-polens-luftwaffe-schiesst-drohnen-in-eigenem-luftraum-ab-politik","status":"publish","type":"post","link":"https:\/\/www.europesays.com\/de\/410886\/","title":{"rendered":"Ukraine News: Polens Luftwaffe schie\u00dft Drohnen in eigenem Luftraum ab &#8211; Politik"},"content":{"rendered":"<p><strong>Bislang schwerster Luftangriff auf Ukraine &#8211; Regierungssitz in Kiew brennt<\/strong>Die Ukraine meldet den bislang gr\u00f6\u00dften russischen Drohnenangriff seit Kriegsbeginn. Russland habe in der Nacht mit 805 Drohnen, neun Marschflugk\u00f6rpern vom Typ Iskander-K und vier ballistischen Raketen vom Typ Iskander-M angegriffen, teilt die ukrainische Luftwaffe mit. Dies sei die h\u00f6chste Zahl an Drohnen, die Russland seit Beginn seiner Invasion im Februar 2022 eingesetzt habe. 751 Drohnen und vier Raketen seien von der Luftabwehr abgefangen worden. Bei dem Angriff kamen nach Angaben der Beh\u00f6rden in Kiew drei Menschen ums Leben, darunter ein Kleinkind. In der Hauptstadt Kiew seien mehrere Wohngeb\u00e4ude schwer besch\u00e4digt worden. <\/p>\n<p>Erstmals sei in der Hauptstadt auch das Hauptgeb\u00e4ude der ukrainischen Regierung im zentralen Bezirk Petschersk getroffen worden, teilt Ministerpr\u00e4sidentin Julia Swyrydenko \u00fcber den Kurznachrichtendienst Telegram mit. Es sei in Brand geraten, L\u00f6schkr\u00e4fte seien im Einsatz. \u201eZum ersten Mal wurde durch einen feindlichen Angriff das Regierungsgeb\u00e4ude, das Dach und die oberen Stockwerke besch\u00e4digt\u201c, schrieb Swyrydenko auf Telegram und ver\u00f6ffentlichte Fotos dazu. Geb\u00e4ude w\u00fcrden wieder aufgebaut, verlorene Leben k\u00f6nnten nicht zur\u00fcckgeholt werden. Die Welt m\u00fcsse auf die Zerst\u00f6rungen reagieren, der Sanktionsdruck m\u00fcsse erh\u00f6ht werden, vor allem gegen russisches \u00d6l und Gas, forderte sie. <\/p>\n<p>Explosionen wurden auch aus den St\u00e4dten Odessa, Charkiw, Dnipro, Saporischschja und Krywyj Rih gemeldet. Allein in Saporischschja gebe es mindestens 15 Verletzte, berichtete die Nachrichtenagentur Ukrinform unter Berufung auf Milit\u00e4rverwalter Iwan Fedorow. Im zentralukrainischen Krementschuk kam es nach Dutzenden Explosionen zu Stromausf\u00e4llen, wie die Beh\u00f6rden mitteilten. In Odessa griffen Drohnen Wohngeb\u00e4ude und andere zivile Infrastruktur an, wie das Nachrichtenportal The Kyiv Independent unter Verweis auf den Gouverneur des Gebiets meldete. In Krywyj Rih seien ebenfalls Ziele im Stadtgebiet getroffen worden. Die Angaben lie\u00dfen sich zun\u00e4chst nicht unabh\u00e4ngig \u00fcberpr\u00fcfen.\u00a0<\/p>\n","protected":false},"excerpt":{"rendered":"Bislang schwerster Luftangriff auf Ukraine &#8211; Regierungssitz in Kiew brenntDie Ukraine meldet den bislang gr\u00f6\u00dften russischen Drohnenangriff seit&hellip;\n","protected":false},"author":2,"featured_media":410887,"comment_status":"","ping_status":"","sticky":false,"template":"","format":"standard","meta":{"footnotes":""},"categories":[1825],"tags":[1941,1939,147,296,1937,29,106,37829,156,30,6471,1435,148,1940,1159,1938,319,3917,16,6472,307,6473,149,317,6474,306,6475,107],"class_list":{"0":"post-410886","1":"post","2":"type-post","3":"status-publish","4":"format-standard","5":"has-post-thumbnail","7":"category-berlin","8":"tag-aktuelle-nachrichten-aus-berlin","9":"tag-aktuelle-news-aus-berlin","10":"tag-ausland","11":"tag-berlin","12":"tag-berlin-news","13":"tag-deutschland","14":"tag-donald-trump","15":"tag-donald-tusk","16":"tag-frankreich","17":"tag-germany","18":"tag-hilfe-fuer-die-ukraine","19":"tag-krieg-in-der-ukraine","20":"tag-leserdiskussion","21":"tag-nachrichten-aus-berlin","22":"tag-nato","23":"tag-news-aus-berlin","24":"tag-paris","25":"tag-polen","26":"tag-politik","27":"tag-politik-russland","28":"tag-russland","29":"tag-sicherheitspolitik","30":"tag-sueddeutsche-zeitung","31":"tag-ukraine","32":"tag-waffenlieferungen","33":"tag-wladimir-putin","34":"tag-wolodimir-selenskij","35":"tag-wolodymyr-selenskyj"},"share_on_mastodon":{"url":"","error":"Validation failed: Text character limit of 500 exceeded"},"_links":{"self":[{"href":"https:\/\/www.europesays.com\/de\/wp-json\/wp\/v2\/posts\/410886","targetHints":{"allow":["GET"]}}],"collection":[{"href":"https:\/\/www.europesays.com\/de\/wp-json\/wp\/v2\/posts"}],"about":[{"href":"https:\/\/www.europesays.com\/de\/wp-json\/wp\/v2\/types\/post"}],"author":[{"embeddable":true,"href":"https:\/\/www.europesays.com\/de\/wp-json\/wp\/v2\/users\/2"}],"replies":[{"embeddable":true,"href":"https:\/\/www.europesays.com\/de\/wp-json\/wp\/v2\/comments?post=410886"}],"version-history":[{"count":0,"href":"https:\/\/www.europesays.com\/de\/wp-json\/wp\/v2\/posts\/410886\/revisions"}],"wp:featuredmedia":[{"embeddable":true,"href":"https:\/\/www.europesays.com\/de\/wp-json\/wp\/v2\/media\/410887"}],"wp:attachment":[{"href":"https:\/\/www.europesays.com\/de\/wp-json\/wp\/v2\/media?parent=410886"}],"wp:term":[{"taxonomy":"category","embeddable":true,"href":"https:\/\/www.europesays.com\/de\/wp-json\/wp\/v2\/categories?post=410886"},{"taxonomy":"post_tag","embeddable":true,"href":"https:\/\/www.europesays.com\/de\/wp-json\/wp\/v2\/tags?post=410886"}],"curies":[{"name":"wp","href":"https:\/\/api.w.org\/{rel}","templated":true}]}}