{"id":410888,"date":"2025-09-10T05:29:52","date_gmt":"2025-09-10T05:29:52","guid":{"rendered":"https:\/\/www.europesays.com\/de\/410888\/"},"modified":"2025-09-10T05:29:52","modified_gmt":"2025-09-10T05:29:52","slug":"berliner-unis-sollen-weniger-lehrkraefte-ausbilden-als-geplant","status":"publish","type":"post","link":"https:\/\/www.europesays.com\/de\/410888\/","title":{"rendered":"Berliner Unis sollen weniger Lehrkr\u00e4fte ausbilden als geplant"},"content":{"rendered":"<p class=\"tspB4l9\">Im Zuge der K\u00fcrzungen im Wissenschaftsbereich sollen die Berliner Hochschulen k\u00fcnftig weniger Lehrkr\u00e4fte ausbilden als fr\u00fcher geplant. Als Zielmarke f\u00fcr die neu verhandelten Hochschulvertr\u00e4ge nannte Wissenschaftssenatorin Ina Czyborra (SPD) am Montag im Abgeordnetenhaus 2200 pro Jahr. <\/p>\n<p class=\"tspB4l9\">Gefragt hatte Linken-Fraktionschef Tobias Schulze im Wissenschaftsausschuss des Parlaments. Eigentlich waren in den Hochschulvertr\u00e4gen einmal 2500 Absolvent:innen vereinbart worden. <a href=\"https:\/\/www.tagesspiegel.de\/berlin\/hochschulfinanzierung-hochschulprasidien-empfehlen-zustimmung-zu-neuen-vertragen-14213477.html?icid=in-text-link_14294291\" class=\"link link--internal\" data-gtm-class=\"article-text-link\" data-gtm-val=\"internal\" target=\"_blank\" rel=\"noopener\">Die Vertr\u00e4ge wurden jetzt zwischen Senat und Unis neu aufgesetzt<\/a>, weil der Senat die urspr\u00fcnglich versprochenen Zusch\u00fcsse wegen der K\u00fcrzungen in Berlin nicht mehr einhalten kann. Das Parlament muss den Vertr\u00e4gen noch zustimmen.<\/p>\n<p class=\"tspB4l9\">Czyborra und Bildungssenatorin Katharina G\u00fcnther-W\u00fcnsch (CDU) hatten sich Anfang des Jahres <a href=\"https:\/\/www.tagesspiegel.de\/wissen\/lehrkrafteausbildung-in-berlin-streit-im-senat-verscharft-sich-13248508.html?icid=in-text-link_14294291\" class=\"link link--internal\" data-gtm-class=\"article-text-link\" data-gtm-val=\"internal\" target=\"_blank\" rel=\"noopener\">noch \u00fcber die Zielzahl gestritten<\/a>: G\u00fcnther-W\u00fcnsch hielt mehr Absolventen f\u00fcr n\u00f6tig.<\/p>\n<p> Mehr zu den Hochschulvertr\u00e4gen <a href=\"https:\/\/www.tagesspiegel.de\/berlin\/hochschulfinanzierung-hochschulprasidien-empfehlen-zustimmung-zu-neuen-vertragen-14213477.html?icid=topic-list_14294291___\" data-gtm-class=\"article-mzt-link\" class=\"tspCBmx\" target=\"_blank\" rel=\"noopener\">Hochschulfinanzierung Hochschulpr\u00e4sidien empfehlen Zustimmung zu neuen Vertr\u00e4gen <\/a><a href=\"https:\/\/www.tagesspiegel.de\/berlin\/hebammen-studium-der-charite-vivantes-geburtskliniken-warnen-berlins-gesundheitssenatorin-vor-kurzungen-14254514.html?icid=topic-list_14294291___\" data-gtm-class=\"article-mzt-link\" class=\"tspCBmx\" target=\"_blank\" rel=\"noopener\">200 Stellen in der Wissenschaft k\u00f6nnten wegfallen Charit\u00e9-Vorstand warnt vor Folgen des Berliner Sparkurses <\/a><a href=\"https:\/\/www.tagesspiegel.de\/wissen\/wegen-kurzungen-gegen-das-land-berlin-klagen-berlins-technische-universitat-tendiert-nach-langer-debatte-zu-drittem-weg-14172332.html?icid=topic-list_14294291___\" data-gtm-class=\"article-mzt-link\" class=\"tspCBmx\" target=\"_blank\" rel=\"noopener\">Wegen K\u00fcrzungen gegen das Land Berlin klagen? Berlins Technische Universit\u00e4t tendiert nach langer Debatte zu drittem Weg <\/a><\/p>\n<p class=\"tspB4l9\">Tobias Schulze erkl\u00e4rte sp\u00e4ter gegen\u00fcber dem Tagesspiegel, er bezweifele, dass die 2200 zu halten sein werden \u2013 der Kapazit\u00e4tsabbau werde noch st\u00e4rker wirken. Gerade vor dem Hintergrund, dass von den jetzt neu eingestellten Lehrkr\u00e4ften nur rund 16 Prozent ein Lehramtsstudium abgeschlossen hatten, sei das sehr bedenklich: Ohne steigende Ausbildungszahlen werde sich daran nichts \u00e4ndern lassen.<\/p>\n","protected":false},"excerpt":{"rendered":"Im Zuge der K\u00fcrzungen im Wissenschaftsbereich sollen die Berliner Hochschulen k\u00fcnftig weniger Lehrkr\u00e4fte ausbilden als fr\u00fcher geplant. Als&hellip;\n","protected":false},"author":2,"featured_media":410889,"comment_status":"","ping_status":"","sticky":false,"template":"","format":"standard","meta":{"footnotes":""},"categories":[1825],"tags":[296,29,30,3295,184],"class_list":{"0":"post-410888","1":"post","2":"type-post","3":"status-publish","4":"format-standard","5":"has-post-thumbnail","7":"category-berlin","8":"tag-berlin","9":"tag-deutschland","10":"tag-germany","11":"tag-hochschulen","12":"tag-spd"},"share_on_mastodon":{"url":"https:\/\/pubeurope.com\/@de\/115178361620724305","error":""},"_links":{"self":[{"href":"https:\/\/www.europesays.com\/de\/wp-json\/wp\/v2\/posts\/410888","targetHints":{"allow":["GET"]}}],"collection":[{"href":"https:\/\/www.europesays.com\/de\/wp-json\/wp\/v2\/posts"}],"about":[{"href":"https:\/\/www.europesays.com\/de\/wp-json\/wp\/v2\/types\/post"}],"author":[{"embeddable":true,"href":"https:\/\/www.europesays.com\/de\/wp-json\/wp\/v2\/users\/2"}],"replies":[{"embeddable":true,"href":"https:\/\/www.europesays.com\/de\/wp-json\/wp\/v2\/comments?post=410888"}],"version-history":[{"count":0,"href":"https:\/\/www.europesays.com\/de\/wp-json\/wp\/v2\/posts\/410888\/revisions"}],"wp:featuredmedia":[{"embeddable":true,"href":"https:\/\/www.europesays.com\/de\/wp-json\/wp\/v2\/media\/410889"}],"wp:attachment":[{"href":"https:\/\/www.europesays.com\/de\/wp-json\/wp\/v2\/media?parent=410888"}],"wp:term":[{"taxonomy":"category","embeddable":true,"href":"https:\/\/www.europesays.com\/de\/wp-json\/wp\/v2\/categories?post=410888"},{"taxonomy":"post_tag","embeddable":true,"href":"https:\/\/www.europesays.com\/de\/wp-json\/wp\/v2\/tags?post=410888"}],"curies":[{"name":"wp","href":"https:\/\/api.w.org\/{rel}","templated":true}]}}