{"id":410914,"date":"2025-09-10T05:43:18","date_gmt":"2025-09-10T05:43:18","guid":{"rendered":"https:\/\/www.europesays.com\/de\/410914\/"},"modified":"2025-09-10T05:43:18","modified_gmt":"2025-09-10T05:43:18","slug":"was-die-polizei-dem-vw-betriebsratsvorsitzenden-uwe-kunstmann-vorwirft","status":"publish","type":"post","link":"https:\/\/www.europesays.com\/de\/410914\/","title":{"rendered":"Was die Polizei dem VW-Betriebsratsvorsitzenden Uwe Kunstmann vorwirft"},"content":{"rendered":"<p class=\"bold\">\n\t\t\t\t\t\t\t\t\t\tMit seiner R\u00fccktrittsank\u00fcndigung hat der Gesamtbetriebsratschef von Volkswagen Sachsen f\u00fcr reichlich Wirbel gesorgt. Die Details jedoch blieben offen. Was wirklich passiert ist an jenem Juli-Abend.\t\t\t\t<\/p>\n<p>\t\t\t\t Er hat schwere Fehler eingestanden und einger\u00e4umt, f\u00fcr einen Verkehrsunfall im Juli verantwortlich zu sein. Doch die Details dazu hat der Gesamtbetriebsratsvorsitzende von Volkswagen Sachsen bisher offen gelassen. Am vergangenen Freitag hatte Uwe Kunstmann in einem Brief an die Belegschaft deswegen seinen R\u00fccktritt angek\u00fcndigt. Seitdem&#8230;<\/p>\n<p>\t\t<img decoding=\"async\" class=\"fp-plus-logo\" src=\"https:\/\/www.freiepresse.de\/img\/fpplus.svg\" alt=\"Freie Presse plus Logo\"\/><\/p>\n<p>Registrieren und testen.<\/p>\n<p>Jetzt mit Ihrer Registrierung 1 Monat gratis testen und alle Beitr\u00e4ge lesen.<\/p>\n<p>Schon Abonnent? Melden Sie sich mit ihren Zugangsdaten an.<\/p>\n","protected":false},"excerpt":{"rendered":"Mit seiner R\u00fccktrittsank\u00fcndigung hat der Gesamtbetriebsratschef von Volkswagen Sachsen f\u00fcr reichlich Wirbel gesorgt. Die Details jedoch blieben offen.&hellip;\n","protected":false},"author":2,"featured_media":410915,"comment_status":"","ping_status":"","sticky":false,"template":"","format":"standard","meta":{"footnotes":""},"categories":[134],"tags":[175,170,169,29,30,17318,171,174,173,172],"class_list":{"0":"post-410914","1":"post","2":"type-post","3":"status-publish","4":"format-standard","5":"has-post-thumbnail","7":"category-unternehmen-maerkte","8":"tag-business","9":"tag-companies","10":"tag-companies-markets","11":"tag-deutschland","12":"tag-germany","13":"tag-kriminalitaet-verstoesse","14":"tag-markets","15":"tag-maerkte","16":"tag-unternehmen","17":"tag-unternehmen-maerkte"},"share_on_mastodon":{"url":"https:\/\/pubeurope.com\/@de\/115178412925138140","error":""},"_links":{"self":[{"href":"https:\/\/www.europesays.com\/de\/wp-json\/wp\/v2\/posts\/410914","targetHints":{"allow":["GET"]}}],"collection":[{"href":"https:\/\/www.europesays.com\/de\/wp-json\/wp\/v2\/posts"}],"about":[{"href":"https:\/\/www.europesays.com\/de\/wp-json\/wp\/v2\/types\/post"}],"author":[{"embeddable":true,"href":"https:\/\/www.europesays.com\/de\/wp-json\/wp\/v2\/users\/2"}],"replies":[{"embeddable":true,"href":"https:\/\/www.europesays.com\/de\/wp-json\/wp\/v2\/comments?post=410914"}],"version-history":[{"count":0,"href":"https:\/\/www.europesays.com\/de\/wp-json\/wp\/v2\/posts\/410914\/revisions"}],"wp:featuredmedia":[{"embeddable":true,"href":"https:\/\/www.europesays.com\/de\/wp-json\/wp\/v2\/media\/410915"}],"wp:attachment":[{"href":"https:\/\/www.europesays.com\/de\/wp-json\/wp\/v2\/media?parent=410914"}],"wp:term":[{"taxonomy":"category","embeddable":true,"href":"https:\/\/www.europesays.com\/de\/wp-json\/wp\/v2\/categories?post=410914"},{"taxonomy":"post_tag","embeddable":true,"href":"https:\/\/www.europesays.com\/de\/wp-json\/wp\/v2\/tags?post=410914"}],"curies":[{"name":"wp","href":"https:\/\/api.w.org\/{rel}","templated":true}]}}