{"id":410928,"date":"2025-09-10T05:51:11","date_gmt":"2025-09-10T05:51:11","guid":{"rendered":"https:\/\/www.europesays.com\/de\/410928\/"},"modified":"2025-09-10T05:51:11","modified_gmt":"2025-09-10T05:51:11","slug":"eintracht-braunschweig-fans-blutet-das-herz-ex-loewen-stars-aussen-vor","status":"publish","type":"post","link":"https:\/\/www.europesays.com\/de\/410928\/","title":{"rendered":"Eintracht Braunschweig: Fans blutet das Herz! Ex-L\u00f6wen-Stars au\u00dfen vor"},"content":{"rendered":"\n<p>Die Fans von Eintracht Braunschweig k\u00f6nnen mit dem Saisonstart ihrer Mannschaft zufrieden sein. Aus den ersten vier Ligaspielen setzte es sieben Punkte, von den Abstiegsr\u00e4ngen ist man in dieser fr\u00fchen Saisonphase weit entfernt. <\/p>\n<p>Dabei hat der BTSV einen erneuten Umbruch hinter sich. Auf zahlreichen Positionen gab es \u2013 wie bereits in den Jahren zuvor \u2013 einiges an personeller Bewegung zu verzeichnen. F\u00fcr zwei ehemalige Leistungstr\u00e4ger von Eintracht Braunschweig l\u00e4uft nach ihrem Abschied jedoch alles anders als optimal.<\/p>\n<p> Eintracht Braunschweig: Philippe dr\u00fcckt die HSV-Bank <\/p>\n<p>Ohne Rayan Philippe w\u00e4re <a href=\"https:\/\/www.news38.de\/sport\/eintracht-braunschweig\" target=\"_blank\" rel=\"noreferrer noopener nofollow\">Eintracht Braunschweig<\/a> dem Abstieg in der vergangenen Spielzeit wohl kaum entkommen. Der Franzose sammelte ganze 19 Scorerpunkte und sicherte dem BTSV damit den ein oder anderen wichtigen Punkt. Klar, dass diese Leistungen andernorts nicht unbemerkt blieben. Am Ende schlug ein Bundesliga-Aufsteiger zu. Der HSV lotste Philippe f\u00fcr zweieinhalb Millionen Euro Abl\u00f6se in die Hansestadt.<\/p>\n<p><strong>Auch interessant: <\/strong><a href=\"https:\/\/www.news38.de\/sport\/eintracht-braunschweig\/article300601746\/eintacht-braunschweig-nlz-scouting.html\" target=\"_blank\" rel=\"noreferrer noopener nofollow\">Eintracht Braunschweig: Kessel geht auf Scouting-Reise \u2013 doch diesmal geht es nicht um neue Spieler<\/a><\/p>\n<p>Dort kommt der 24-J\u00e4hrige allerdings noch nicht wirklich zum Zug. Im Ligabetrieb wurde Philippe bislang ausschlie\u00dflich von der Bank eingesetzt, bei seinem einzigen Startelfeinsatz im DFB-Pokal musste der St\u00fcrmer zur Halbzeit in der Kabine bleiben. Der 13-Tore-St\u00fcrmer aus der Vorsaison ist noch ohne Einfluss in Hamburg und muss es sich damit wohl auch in naher Zukunft erst einmal auf der Bank bequem machen. <\/p>\n<p> Pherai spielt keine Rolle mehr <\/p>\n<p>Noch schlechter l\u00e4uft es beim HSV dagegen f\u00fcr einen anderen Ex-Spieler von Eintracht Braunschweig: Immanuel Pherai. Der Nationalspieler Surinames verbrachte zwar nur eine Saison beim BTSV, wusste dort allerdings mit satten 17 Scorerpunkten zu \u00fcberzeugen. Auch hier griff der HSV schnell zu und verpflichtete den Zehner im Sommer 2023.<\/p>\n<p>Mehr Nachrichten f\u00fcr Dich:<\/p>\n<p>Nach einer soliden Premierensaison spielt Pherai jedoch sp\u00e4testens nach dem Hamburger Aufstieg in die Bundesliga keine Rolle mehr in der Hansestadt. Trainer Merlin Polzin hatte bislang nicht einmal mehr einen Kaderplatz f\u00fcr Pherai \u00fcbrig. <\/p>\n<p><strong>Auch interessant: <\/strong><a href=\"https:\/\/www.news38.de\/sport\/eintracht-braunschweig\/article300598303\/eintracht-braunschweig-kapitaen-koehler-vorgaenger-jasmin.html\" target=\"_blank\" rel=\"noreferrer noopener nofollow\">Eintracht Braunschweig winkt Erl\u00f6sung: Hat das Kapit\u00e4ns-Drama endlich ein Ende?<\/a><\/p>\n<p>Sein Vertrag beim HSV l\u00e4uft allerdings noch bis 2027. Gut m\u00f6glich, dass die Verantwortlichen des Klubs dem Spieler im Winter einen Abgang nahelegen \u2013 mit Eintracht Braunschweig als m\u00f6glichen Abnehmer? Die Fans d\u00fcrfte es jedenfalls freuen. <\/p>\n","protected":false},"excerpt":{"rendered":"Die Fans von Eintracht Braunschweig k\u00f6nnen mit dem Saisonstart ihrer Mannschaft zufrieden sein. Aus den ersten vier Ligaspielen&hellip;\n","protected":false},"author":2,"featured_media":410929,"comment_status":"","ping_status":"","sticky":false,"template":"","format":"standard","meta":{"footnotes":""},"categories":[1850],"tags":[6429,3364,29,548,663,3934,30,13,14,15,1411,12],"class_list":{"0":"post-410928","1":"post","2":"type-post","3":"status-publish","4":"format-standard","5":"has-post-thumbnail","7":"category-braunschweig","8":"tag-braunschweig","9":"tag-de","10":"tag-deutschland","11":"tag-eu","12":"tag-europa","13":"tag-europe","14":"tag-germany","15":"tag-headlines","16":"tag-nachrichten","17":"tag-news","18":"tag-niedersachsen","19":"tag-schlagzeilen"},"share_on_mastodon":{"url":"https:\/\/pubeurope.com\/@de\/115178444212457161","error":""},"_links":{"self":[{"href":"https:\/\/www.europesays.com\/de\/wp-json\/wp\/v2\/posts\/410928","targetHints":{"allow":["GET"]}}],"collection":[{"href":"https:\/\/www.europesays.com\/de\/wp-json\/wp\/v2\/posts"}],"about":[{"href":"https:\/\/www.europesays.com\/de\/wp-json\/wp\/v2\/types\/post"}],"author":[{"embeddable":true,"href":"https:\/\/www.europesays.com\/de\/wp-json\/wp\/v2\/users\/2"}],"replies":[{"embeddable":true,"href":"https:\/\/www.europesays.com\/de\/wp-json\/wp\/v2\/comments?post=410928"}],"version-history":[{"count":0,"href":"https:\/\/www.europesays.com\/de\/wp-json\/wp\/v2\/posts\/410928\/revisions"}],"wp:featuredmedia":[{"embeddable":true,"href":"https:\/\/www.europesays.com\/de\/wp-json\/wp\/v2\/media\/410929"}],"wp:attachment":[{"href":"https:\/\/www.europesays.com\/de\/wp-json\/wp\/v2\/media?parent=410928"}],"wp:term":[{"taxonomy":"category","embeddable":true,"href":"https:\/\/www.europesays.com\/de\/wp-json\/wp\/v2\/categories?post=410928"},{"taxonomy":"post_tag","embeddable":true,"href":"https:\/\/www.europesays.com\/de\/wp-json\/wp\/v2\/tags?post=410928"}],"curies":[{"name":"wp","href":"https:\/\/api.w.org\/{rel}","templated":true}]}}