{"id":410932,"date":"2025-09-10T05:53:14","date_gmt":"2025-09-10T05:53:14","guid":{"rendered":"https:\/\/www.europesays.com\/de\/410932\/"},"modified":"2025-09-10T05:53:14","modified_gmt":"2025-09-10T05:53:14","slug":"consol-fest-ist-ein-muss-fuer-junge-familien","status":"publish","type":"post","link":"https:\/\/www.europesays.com\/de\/410932\/","title":{"rendered":"Consol-Fest ist ein Muss f\u00fcr junge Familien"},"content":{"rendered":"<p class=\"expressive-copy-lg-body\">Zum Auftakt der neuen Spielzeit laden die Verantwortlichen des <a href=\"https:\/\/consoltheater.de\/\" target=\"_blank\" rel=\"nofollow noopener\">Gelsenkirchener Consol-Theaters<\/a> traditionell zum gro\u00dfen Consol-Fest ein. Das ist auch an diesem Sonntag, 14. September, wieder so. Eingebettet in den zeitgleich stattfindenden <a href=\"https:\/\/www.tag-des-offenen-denkmals.de\/\" target=\"_blank\" rel=\"nofollow noopener\">\u201eTag des offenen Denkmals\u201c<\/a>, wartet von 14 bis 18 Uhr auf dem ehemaligen Zechengel\u00e4nde in Bismarck ein spannendes Angebot aus Sport, Spiel, Spa\u00df und Kultur, das sich vor allem, aber nicht ausschlie\u00dflich an junge Familien richtet.<\/p>\n<p>Vertrauter Mix aus Spielfest und Stadtteilparty<\/p>\n<p class=\"expressive-copy-lg-body\">\u201eEs gibt den vertrauten Mix aus Spielfest und Stadtteilparty, zu dem auch F\u00fchrungen, Workshops, Gastrost\u00e4nde und ein sch\u00f6nes B\u00fchnenprogramm geh\u00f6ren\u201c, r\u00fchrt <a href=\"https:\/\/www.waz.de\/lokales\/gelsenkirchen\/article408696142\/freie-kulturszene-hilferuf-ertoent-auch-aus-gelsenkirchen.html\" data-category-full-path=\"https:\/\/www.waz.de\/lokales\/gelsenkirchen\/\" data-paid-status=\"premium\" data-article-publish-date=\"1743660240\" rel=\"nofollow noopener\" target=\"_blank\">Theaterleiter Georg Kentrup <\/a>im Vorfeld flei\u00dfig die Werbetrommel. In den vergangenen Jahren sei zu beobachten gewesen, dass viele Anwohner aus der Nachbarschaft in Bismarck <a href=\"https:\/\/www.waz.de\/lokales\/gelsenkirchen\/article407175089\/consol-theater-eroeffnet-die-neue-spielzeit-mit-grossem-fest.html\" data-category-full-path=\"https:\/\/www.waz.de\/lokales\/gelsenkirchen\/\" data-paid-status=\"default\" data-article-publish-date=\"1725509460\" rel=\"nofollow noopener\" target=\"_blank\">beim Consol-Fest<\/a> vorbeigeschaut h\u00e4tten. Doch viele G\u00e4ste, so Ketrup, seien auch extra aus den anderen Stadtteilen angereist. Auf diese stimmige Besucher-Mischung hoffen er und seine Mitstreiter auch an diesem Sonntag.<\/p>\n<p>    <img decoding=\"async\" src=\"https:\/\/www.europesays.com\/de\/wp-content\/uploads\/2025\/09\/409958840_1757430143_v16_9_1200.jpeg\" class=\"block w-full object-cover relative z-10 aspect-[16\/9] \" alt=\"Auch die Band Die Blindfische tritt am 14. September beim Consol-Fest in Gelsenkirchen auf.\" title=\"Auch die Band Die Blindfische tritt am 14. September beim Consol-Fest in Gelsenkirchen auf.\" loading=\"lazy\"\/><\/p>\n<p>\n      Auch die Band Die Blindfische tritt am 14. September beim Consol-Fest in Gelsenkirchen auf.<br \/>\n      \u00a9 Consol-Theater\n    <\/p>\n<p class=\"expressive-copy-lg-body\">Zu den Publikumsmagneten d\u00fcrfte ganz sicher der Musik- und Theaterflohmarkt z\u00e4hlen. \u201eDort werden nicht nur Kost\u00fcme und Requisiten verkauft, sondern auch Platten, CDs und alte Instrumente\u201c, berichtet Projektkoordinator Armin Peterka. \u201eDenn <a href=\"https:\/\/www.waz.de\/lokales\/gelsenkirchen\/article409563977\/rock-festival-in-gelsenkirchen-erlebt-nostalgischen-moment.html\" data-category-full-path=\"https:\/\/www.waz.de\/lokales\/gelsenkirchen\/\" data-paid-status=\"premium\" data-article-publish-date=\"1753344240\" rel=\"nofollow noopener\" target=\"_blank\">das Musikprobenzentrum Consol 4<\/a> ist am Sonntag auch mit von der Partie.\u201c<\/p>\n<p>  In Theaterkost\u00fcmen vor echten Kulissen fotografiert werden<\/p>\n<p class=\"expressive-copy-lg-body\">Apropos Theaterkost\u00fcme: In solchen k\u00f6nnen sich alle Besucherinnen und Besucher in der Halle des Consol-Theaters im Rahmen einer Fotoaktion ablichten lassen. Aus diesem Zweck werden dort einige zur Garderobe passende B\u00fchnenbilder aufgebaut. Rockmusik f\u00fcr Kinder und Erwachsene serviert die Band Die Blindfische. Live-Musik wollen zudem zahlreiche Formationen bieten, die im Alltag in Consol 4 gemeinsam proben.<\/p>\n<p>    <img decoding=\"async\" src=\"https:\/\/www.europesays.com\/de\/wp-content\/uploads\/2025\/09\/409957214_1757423044_v16_9_1200.jpeg\" class=\"block w-full object-cover relative z-10 aspect-[16\/9] \" alt=\"Auf das Consol-Fest am 14. September anl\u00e4sslich der Spielzeiter\u00f6ffnung des Gelsenkirchener Consol-Theaters freuen sich (v. l.) Armin Peterka, Barbara Grubenbecher und Georg Kentrup.\" title=\"Auf das Consol-Fest am 14. September anl\u00e4sslich der Spielzeiter\u00f6ffnung des Gelsenkirchener Consol-Theaters freuen sich (v. l.) Armin Peterka, Barbara Grubenbecher und Georg Kentrup.\" loading=\"lazy\"\/><\/p>\n<p>\n      Auf das Consol-Fest am 14. September anl\u00e4sslich der Spielzeiter\u00f6ffnung des Gelsenkirchener Consol-Theaters freuen sich (v. l.) Armin Peterka, Barbara Grubenbecher und Georg Kentrup.<br \/>\n      \u00a9 Thomas Richter\n    <\/p>\n<p class=\"expressive-copy-lg-body\">Nat\u00fcrlich ist auch die Trendsportanlage wieder mit dabei: <a href=\"https:\/\/www.waz.de\/lokales\/article402254590\/disc-golf-weltmeister-kommt-fuer-workshops-nach-gelsenkirchen.html\" data-category-full-path=\"https:\/\/www.waz.de\/lokales\/\" data-paid-status=\"default\" data-article-publish-date=\"1625826071\" rel=\"nofollow noopener\" target=\"_blank\">Der Ex-Weltmeister im Disc-Golf <\/a>zeigt Interessierten die richtige Wurftechnik mit dem Frisbee. Und der <a href=\"http:\/\/bc-gelsenkirchen-buer.de\/\" target=\"_blank\" rel=\"nofollow noopener\">Boules Club Buer<\/a> l\u00e4sst die Stahlkugeln gekonnt durch die Luft schwirren und bietet Neugierigen die M\u00f6glichkeit zum Hereinschnuppern.<\/p>\n<p>  Kurzf\u00fchrungen \u00fcber das ehemalige Zechenareal und zur Dampfmaschine<\/p>\n<p class=\"expressive-copy-lg-body\">Doch auch all jene, die sich f\u00fcr die Geschichte des ehemaligen Berbau-Areals interessieren, kommen zum Zuge: Zum einen bietet die <a href=\"https:\/\/industriedenkmal-stiftung.de\/\" target=\"_blank\" rel=\"nofollow noopener\">Stiftung Industriedenkmalpflege und Geschichtskultur<\/a> zwischen 14 und 17 Uhr gemeinsam mit dem F\u00f6rderverein Kurzf\u00fchrungen an. Der <a href=\"https:\/\/ib-consolidation.de\/\" target=\"_blank\" rel=\"nofollow noopener\">Initiativkreis Bergwerk Consolidation <\/a>setzt die historische Dampfmaschine im s\u00fcdlichen Maschinenhaus in Bewegung, w\u00e4hrend im n\u00f6rdlichen Werke des <a href=\"https:\/\/www.waz.de\/lokales\/article403784715\/betoerende-licht-klang-installation-lockt-aufs-consol-gelaende.html\" data-category-full-path=\"https:\/\/www.waz.de\/lokales\/\" data-paid-status=\"premium\" data-article-publish-date=\"1678464246\" rel=\"nofollow noopener\" target=\"_blank\">K\u00fcnstlers und Bergmanns Werner Thie<\/a>l zu besichtigen sind.<\/p>\n<p class=\"expressive-copy-lg-body\">Ab 16.45 Uhr wartet im \u201eL\u00fcfter\u201c des Consol-Theaters laut <a href=\"https:\/\/www.waz.de\/lokales\/article402278670\/consol-theater-sucht-noch-20-schulklassen-fuer-gratis-besuch.html\" data-category-full-path=\"https:\/\/www.waz.de\/lokales\/\" data-paid-status=\"default\" data-article-publish-date=\"1642763057\" rel=\"nofollow noopener\" target=\"_blank\">Theaterp\u00e4dagogin Barbara Grubenbecher<\/a> die Spielaktion \u201eAdventure Team\u201c \u2013 geeignet f\u00fcr alle ab sieben Jahren. Die teilnehmenden Familien sollen dort gemeinsam eine Expedition auf eine verlassene Insel unternehmen und gemeinsam das Ziel erreichen. Wie f\u00fcr alle genannten Angebote lautet auch hier das Motto am Sonntag: Eintritt frei. Alle Infos auch im Netz unter: <a href=\"https:\/\/www.gelsenkirchen.de\/consolfest\/\" target=\"_blank\" rel=\"nofollow noopener\">www.gelsenkirchen.de\/consolfest<\/a>.<\/p>\n<p>Consol-Theater lockt in der neuen Spielzeit mit drei Premieren<\/p>\n<p class=\"expressive-copy-lg-body\">Theaterleiter Kentrup wagte bei der Programmvorstellung aber auch schon einen Blick auf die nun beginnende Spielzeit 2025\/26: Drei Premieren soll es geben. Mit \u201eGipfelsturm\u201c (f\u00fcr alle ab acht Jahren) und \u201eJagt die Wahrheit!\u201c (ab 14) stehen zwei auch schon namentlich fest. Das dritte St\u00fcck, das im Mai 2026 Premiere feiern wird, soll m\u00f6glichst ein aktuelles politisches Thema aufgreifen und steckt laut Kentrup noch in der Entwicklungsphase.<\/p>\n<p class=\"expressive-copy-lg-body\">Zahlreiche beliebte St\u00fccke aus dem Repertoire des Kinder- und Jugendtheaters, die in den vergangenen Spielzeiten bereits bestens funktioniert hatten, kommen nun erneut auf die B\u00fchne &#8211; etwa \u201eSchlalalalaufen\u201c, \u201eSchl\u00e4fst Du?\u201c (beide ab drei Jahren), \u201eTrecker kommt mit\u201c oder <a href=\"https:\/\/www.consoltheater.de\/der-sonnenkoenig-consol-theater\" target=\"_blank\" rel=\"nofollow noopener\">\u201eDer Sonnenk\u00f6nig\u201c<\/a>. Gerade letzteres St\u00fcck soll laut Kentrup in einem besonderen Projekt verst\u00e4rkt bei der Sprachf\u00f6rderung von Kindern im Vorschulalter in Kitas zum Einsatz kommen. \u201eWir verstehen uns nicht nur als Kultur-, sondern immer auch als Bildungseinrichtung\u201c, so Kentrup.<\/p>\n<p>\u201eJim Knopf\u201c wird erneut das Weihnachtsst\u00fcck<\/p>\n<p class=\"expressive-copy-lg-body\">Rund um die Adventszeit wird <a href=\"https:\/\/www.consoltheater.de\/jim-knopf-consol-theater\" target=\"_blank\" rel=\"nofollow noopener\">\u201eJim Knopf und Lukas der Lokomotivf\u00fchrer\u201c<\/a> wieder als beliebtes Weihnachtsst\u00fcck zum Einsatz kommen. \u201eEs wird \u00fcber ein Dutzend Vorstellungen geben\u201c, so Kentrup. Rund 140 Pl\u00e4tze bietet die Halle dann bei jeder Vorstellung. De Nachfrage sei immer gigantisch.<\/p>\n<p>   Gelsenkirchen-Newsletter: Jetzt anmelden!<\/p>\n<p class=\"text-body2 mt-2\">Nachrichten, Service, Reportagen: Jeden Tag wissen, was in unserer Stadt los ist.<\/p>\n<p class=\"text-caption text-copy-secondary\">\n          Mit meiner Anmeldung zum Newsletter stimme ich der<br \/>\n          <a href=\"https:\/\/www.waz.de\/services\/newsletter-adconsent\" class=\"text-overline text-copy-accent-negative dark:underline\" rel=\"nofollow noopener\" target=\"_blank\">Werbevereinbarung<\/a><br \/>\n          zu.\n        <\/p>\n<p class=\"expressive-copy-lg-body\">Erste Auff\u00fchrung in dieser Spielzeit wird aber \u201eMomo\u201c, nach dem gleichnamigen Roman von Michael Ende. Am Dienstag und Mittwoch, 16.\/17. September, gibt es Schulvorstellungen. Am Sonntag, 21. September, wartet ab 15 Uhr dann die erste Vorstellung f\u00fcr die \u00d6ffentlichkeit. Es gibt noch Restkarten.<\/p>\n<p>  Vorfreude auf die neunte Auflage der Figurentheaterwoche<\/p>\n<p class=\"expressive-copy-lg-body\">Auch f\u00fcr \u00e4ltere Kinder und Jugendliche ist gen\u00fcgend im Angebot \u2013 etwa \u201eDie Farm der Tiere\u201c, das mehrfach mit Preisen ausgezeichnete St\u00fcck \u201eL\u00f6wenherzen\u201c von Nino Haratischwili, \u201eGeld\u201c oder \u201eIrgendwas mit Liebe\u201c. Zudem bietet die \u201eVolxb\u00fchne\u201c f\u00fcr alle interessierten Hobby-Schauspieler aller Altersklassen wieder gen\u00fcgend Raum, um sich auf der B\u00fchne einmal selbst auszuprobieren. Und mit den \u201e25. Schultheatertagen\u201c (April 2026) und der \u201e9. Figurentheaterwoche\u201c (Januar 2026) werfen zwei kulturelle Highlights im Hause bereits jetzt ihre Schatten voraus. <\/p>\n","protected":false},"excerpt":{"rendered":"Zum Auftakt der neuen Spielzeit laden die Verantwortlichen des Gelsenkirchener Consol-Theaters traditionell zum gro\u00dfen Consol-Fest ein. Das ist&hellip;\n","protected":false},"author":2,"featured_media":410933,"comment_status":"","ping_status":"","sticky":false,"template":"","format":"standard","meta":{"footnotes":""},"categories":[1848],"tags":[3364,29,548,663,3934,3658,30,13,14,15,1209,12],"class_list":{"0":"post-410932","1":"post","2":"type-post","3":"status-publish","4":"format-standard","5":"has-post-thumbnail","7":"category-gelsenkirchen","8":"tag-de","9":"tag-deutschland","10":"tag-eu","11":"tag-europa","12":"tag-europe","13":"tag-gelsenkirchen","14":"tag-germany","15":"tag-headlines","16":"tag-nachrichten","17":"tag-news","18":"tag-nordrhein-westfalen","19":"tag-schlagzeilen"},"share_on_mastodon":{"url":"https:\/\/pubeurope.com\/@de\/115178452355950674","error":""},"_links":{"self":[{"href":"https:\/\/www.europesays.com\/de\/wp-json\/wp\/v2\/posts\/410932","targetHints":{"allow":["GET"]}}],"collection":[{"href":"https:\/\/www.europesays.com\/de\/wp-json\/wp\/v2\/posts"}],"about":[{"href":"https:\/\/www.europesays.com\/de\/wp-json\/wp\/v2\/types\/post"}],"author":[{"embeddable":true,"href":"https:\/\/www.europesays.com\/de\/wp-json\/wp\/v2\/users\/2"}],"replies":[{"embeddable":true,"href":"https:\/\/www.europesays.com\/de\/wp-json\/wp\/v2\/comments?post=410932"}],"version-history":[{"count":0,"href":"https:\/\/www.europesays.com\/de\/wp-json\/wp\/v2\/posts\/410932\/revisions"}],"wp:featuredmedia":[{"embeddable":true,"href":"https:\/\/www.europesays.com\/de\/wp-json\/wp\/v2\/media\/410933"}],"wp:attachment":[{"href":"https:\/\/www.europesays.com\/de\/wp-json\/wp\/v2\/media?parent=410932"}],"wp:term":[{"taxonomy":"category","embeddable":true,"href":"https:\/\/www.europesays.com\/de\/wp-json\/wp\/v2\/categories?post=410932"},{"taxonomy":"post_tag","embeddable":true,"href":"https:\/\/www.europesays.com\/de\/wp-json\/wp\/v2\/tags?post=410932"}],"curies":[{"name":"wp","href":"https:\/\/api.w.org\/{rel}","templated":true}]}}