{"id":410946,"date":"2025-09-10T06:01:10","date_gmt":"2025-09-10T06:01:10","guid":{"rendered":"https:\/\/www.europesays.com\/de\/410946\/"},"modified":"2025-09-10T06:01:10","modified_gmt":"2025-09-10T06:01:10","slug":"herford-mann-wegen-23-straftaten-vor-gericht","status":"publish","type":"post","link":"https:\/\/www.europesays.com\/de\/410946\/","title":{"rendered":"Herford: Mann wegen 23 Straftaten vor Gericht"},"content":{"rendered":"<p>Ein Intensivt\u00e4ter aus Herford steht ab Mittwoch in Bielefeld vor Gericht. Dem 37-J\u00e4hrigen werden insgesamt 23 Straftaten vorgeworfen, unter anderem schwere K\u00f6rperverletzung. Vor allem hatte es der Angeklagte auf seine Partnerinnen abgesehen.<\/p>\n<p>Mutma\u00dflich sehr gewaltt\u00e4tig<\/p>\n<p>Die Staatsanwaltschaft sagt, er habe Frauen in Herford, Stadt Oldendorf und Detmold beleidigt, bespuckt, und gefesselt. Auch soll er Nacktaufnahmen von ihnen gemacht und sie mit dem Tode bedroht haben. Zudem wird dem Herforder vorgeworfen, einem der Opfer fast ein Ohr abgerissen zu haben. Es gibt noch drei weitere Prozesstage.\u00a0<\/p>\n","protected":false},"excerpt":{"rendered":"Ein Intensivt\u00e4ter aus Herford steht ab Mittwoch in Bielefeld vor Gericht. Dem 37-J\u00e4hrigen werden insgesamt 23 Straftaten vorgeworfen,&hellip;\n","protected":false},"author":2,"featured_media":410947,"comment_status":"","ping_status":"","sticky":false,"template":"","format":"standard","meta":{"footnotes":""},"categories":[1841],"tags":[1605,3364,29,2690,30,16398,108643,1209],"class_list":{"0":"post-410946","1":"post","2":"type-post","3":"status-publish","4":"format-standard","5":"has-post-thumbnail","7":"category-bielefeld","8":"tag-bielefeld","9":"tag-de","10":"tag-deutschland","11":"tag-gericht","12":"tag-germany","13":"tag-herford","14":"tag-intensivtaeter","15":"tag-nordrhein-westfalen"},"share_on_mastodon":{"url":"https:\/\/pubeurope.com\/@de\/115178483596397430","error":""},"_links":{"self":[{"href":"https:\/\/www.europesays.com\/de\/wp-json\/wp\/v2\/posts\/410946","targetHints":{"allow":["GET"]}}],"collection":[{"href":"https:\/\/www.europesays.com\/de\/wp-json\/wp\/v2\/posts"}],"about":[{"href":"https:\/\/www.europesays.com\/de\/wp-json\/wp\/v2\/types\/post"}],"author":[{"embeddable":true,"href":"https:\/\/www.europesays.com\/de\/wp-json\/wp\/v2\/users\/2"}],"replies":[{"embeddable":true,"href":"https:\/\/www.europesays.com\/de\/wp-json\/wp\/v2\/comments?post=410946"}],"version-history":[{"count":0,"href":"https:\/\/www.europesays.com\/de\/wp-json\/wp\/v2\/posts\/410946\/revisions"}],"wp:featuredmedia":[{"embeddable":true,"href":"https:\/\/www.europesays.com\/de\/wp-json\/wp\/v2\/media\/410947"}],"wp:attachment":[{"href":"https:\/\/www.europesays.com\/de\/wp-json\/wp\/v2\/media?parent=410946"}],"wp:term":[{"taxonomy":"category","embeddable":true,"href":"https:\/\/www.europesays.com\/de\/wp-json\/wp\/v2\/categories?post=410946"},{"taxonomy":"post_tag","embeddable":true,"href":"https:\/\/www.europesays.com\/de\/wp-json\/wp\/v2\/tags?post=410946"}],"curies":[{"name":"wp","href":"https:\/\/api.w.org\/{rel}","templated":true}]}}