{"id":410953,"date":"2025-09-10T06:05:16","date_gmt":"2025-09-10T06:05:16","guid":{"rendered":"https:\/\/www.europesays.com\/de\/410953\/"},"modified":"2025-09-10T06:05:16","modified_gmt":"2025-09-10T06:05:16","slug":"sicherer-heimweg-keine-frauen-nacht-taxis-in-bochum","status":"publish","type":"post","link":"https:\/\/www.europesays.com\/de\/410953\/","title":{"rendered":"Sicherer Heimweg: Keine Frauen-Nacht-Taxis in Bochum"},"content":{"rendered":"<p class=\"small date article__date\">Ver\u00f6ffentlicht:\u00a0Mittwoch, 10.09.2025 08:09<\/p>\n<p>Die Stadt Bochum plant aktuell nicht mit Nacht-Taxis f\u00fcr Frauen. In mehreren NRW-St\u00e4dten gibt es das Angebot bereits &#8211; mit Erfolg.<\/p>\n<p><img decoding=\"async\" alt=\"\" src=\"https:\/\/www.europesays.com\/de\/wp-content\/uploads\/2025\/09\/dsc_0796.jpg&#038;crop=0x107x5287x3304&#038;resize=1280x799&#038;dt=202509091817030.jpeg\" data-size=\"1280x799\"\/>\u00a9 Svenja Hanusch \/ FUNKE Foto ServicesKeine Nacht-Taxis in Bochum: Ein Blick nach Dortmund und K\u00f6ln<\/p>\n<p>In Bochum gibt es derzeit keine Pl\u00e4ne, ein Frauen-Nacht-Taxi einzuf\u00fchren. Das hat die Stadt auf Radio Bochum-Anfrage erkl\u00e4rt. Ziel solcher Angebote ist es, Frauen auf ihrem Heimweg in der Nacht mehr Sicherheit zu bieten, besonders auf den letzten Kilometern, etwa von der Haltestelle bis zur Haust\u00fcr. Ein Blick in die Nachbarstadt Dortmund zeigt, wie erfolgreich ein solches Projekt sein kann. Dort l\u00e4uft seit sieben Wochen ein Pilotprojekt, bei dem Frauen 8\u20ac-Gutscheine f\u00fcr n\u00e4chtliche Taxifahrten erhalten. Die Resonanz ist positiv: Bereits 7.300 von 18.000 bereitgestellten Gutscheinen wurden ausgegeben. Auch in K\u00f6ln gab es bis vor kurzem ein \u00e4hnliches Projekt.<\/p>\n<p>Anrufsammeltaxis als Alternative f\u00fcr Bochum<\/p>\n<p>W\u00e4hrend Bochum die Entwicklungen in anderen NRW-St\u00e4dten beobachtet, verweist die Stadt auf das bestehende Angebot der Anrufsammeltaxis der BOGESTRA. Diese k\u00f6nnen im Voraus telefonisch bestellt werden und bringen Fahrg\u00e4ste zu bestimmten Haltestellen nach Fahrplan.<\/p>\n","protected":false},"excerpt":{"rendered":"Ver\u00f6ffentlicht:\u00a0Mittwoch, 10.09.2025 08:09 Die Stadt Bochum plant aktuell nicht mit Nacht-Taxis f\u00fcr Frauen. In mehreren NRW-St\u00e4dten gibt es&hellip;\n","protected":false},"author":2,"featured_media":410954,"comment_status":"","ping_status":"","sticky":false,"template":"","format":"standard","meta":{"footnotes":""},"categories":[1839],"tags":[108645,7507,3364,29,30,38286,1209,3931,10021],"class_list":{"0":"post-410953","1":"post","2":"type-post","3":"status-publish","4":"format-standard","5":"has-post-thumbnail","7":"category-bochum","8":"tag-nachhauseweg","9":"tag-bochum","10":"tag-de","11":"tag-deutschland","12":"tag-germany","13":"tag-heimweg","14":"tag-nordrhein-westfalen","15":"tag-sicherheit","16":"tag-taxi"},"share_on_mastodon":{"url":"https:\/\/pubeurope.com\/@de\/115178499431148345","error":""},"_links":{"self":[{"href":"https:\/\/www.europesays.com\/de\/wp-json\/wp\/v2\/posts\/410953","targetHints":{"allow":["GET"]}}],"collection":[{"href":"https:\/\/www.europesays.com\/de\/wp-json\/wp\/v2\/posts"}],"about":[{"href":"https:\/\/www.europesays.com\/de\/wp-json\/wp\/v2\/types\/post"}],"author":[{"embeddable":true,"href":"https:\/\/www.europesays.com\/de\/wp-json\/wp\/v2\/users\/2"}],"replies":[{"embeddable":true,"href":"https:\/\/www.europesays.com\/de\/wp-json\/wp\/v2\/comments?post=410953"}],"version-history":[{"count":0,"href":"https:\/\/www.europesays.com\/de\/wp-json\/wp\/v2\/posts\/410953\/revisions"}],"wp:featuredmedia":[{"embeddable":true,"href":"https:\/\/www.europesays.com\/de\/wp-json\/wp\/v2\/media\/410954"}],"wp:attachment":[{"href":"https:\/\/www.europesays.com\/de\/wp-json\/wp\/v2\/media?parent=410953"}],"wp:term":[{"taxonomy":"category","embeddable":true,"href":"https:\/\/www.europesays.com\/de\/wp-json\/wp\/v2\/categories?post=410953"},{"taxonomy":"post_tag","embeddable":true,"href":"https:\/\/www.europesays.com\/de\/wp-json\/wp\/v2\/tags?post=410953"}],"curies":[{"name":"wp","href":"https:\/\/api.w.org\/{rel}","templated":true}]}}