{"id":410966,"date":"2025-09-10T06:12:17","date_gmt":"2025-09-10T06:12:17","guid":{"rendered":"https:\/\/www.europesays.com\/de\/410966\/"},"modified":"2025-09-10T06:12:17","modified_gmt":"2025-09-10T06:12:17","slug":"neuer-award-fuer-unternehmen-made-in-europe-award-for-excellence-gestern-abend-an","status":"publish","type":"post","link":"https:\/\/www.europesays.com\/de\/410966\/","title":{"rendered":"Neuer Award f\u00fcr Unternehmen: &#8222;Made in Europe &#8211; Award for Excellence&#8220; gestern Abend an &#8230;"},"content":{"rendered":"<p class=\"date\">10.09.2025 \u2013 08:00<\/p>\n<p class=\"customer\">\n                        <a class=\"story-customer\" title=\"weiter zum newsroom von DUP UNTERNEHMER-Magazin\" href=\"https:\/\/www.presseportal.de\/nr\/153584\" target=\"_blank\" rel=\"noopener\">DUP UNTERNEHMER-Magazin<\/a>\n                    <\/p>\n<p><a class=\"glightbox event-trigger\" href=\"https:\/\/cache.pressmailing.net\/thumbnail\/story_hires\/2e2b071d-ccc4-4e14-ab5e-78fde73b02b9\/Made_in_Europe_Gewinner_2.JPG.jpg\" data-description=\"Nahmen gestern den &quot;Made in Europe&quot;-Award in Berlin entgegen (von links): Dr. Thomas Stoffmehl (Vorwerk), Claudia Alsdorf (Schwarz Digits), Robin Kaufmann (Neura Robotics), Timm Jaeger (EintrachtTech), Jan Kirsch (Seeburger) und Artus Rupalla (TeamViewer) \/ Weiterer Text \u00fcber ots und www.presseportal.de\/nr\/153584 \/ Die Verwendung dieses Bildes f\u00fcr redaktionelle Zwecke ist unter Beachtung aller mitgeteilten Nutzungsbedingungen zul\u00e4ssig und dann auch honorarfrei. Ver\u00f6ffentlichung ausschlie\u00dflich mit Bildrechte-Hinweis.\" data-category=\"medialightbox\" data-action=\"click\" data-label=\"single\" data-value=\"68c08a0c270000fd2c6b3629\" target=\"_blank\" rel=\"noopener\"><img decoding=\"async\" height=\"540\" with=\"720\" src=\"https:\/\/www.europesays.com\/de\/wp-content\/uploads\/2025\/09\/neuer-award-f-r-unternehmen-made-in-europe-award-for-excellence-gestern-abend-an-schwarz-digits-team.jpeg\"   alt=\"Neuer Award f\u00fcr Unternehmen: &quot;Made in Europe - Award for Excellence&quot; gestern Abend an Schwarz Digits, TeamViewer, Seeburger, Neura Robotics und Vorwerk vergeben \/ Sonderpreis f\u00fcr Eintracht Frankfurt\" class=\"single\"\/><\/a><\/p>\n<p><a data-category=\"citylink-story-view\" data-action=\"click\" data-label=\"Citylink in Meldungsansicht\" class=\"story-city event-trigger\" href=\"https:\/\/www.presseportal.de\/regional\/Berlin\" title=\"News aus Berlin \" target=\"_blank\" rel=\"noopener\">Berlin<\/a> (ots)<\/p>\n<p> Europa hat starke Unternehmen &#8211; und jetzt auch einen Preis, der sie sichtbar macht. Am 9. September wurde im Berliner Soho House am Vorabend des BIG BANG KI FESTIVALS zum ersten Mal der &#8222;Made in Europe &#8211; Award for Excellence&#8220; verliehen. Er w\u00fcrdigt herausragende Leistungen europ\u00e4ischer Unternehmen in den Bereichen Innovation, Technologie, Familienunternehmertum und Leadership. Die Auszeichnung &#8222;Made in Europe&#8220; geht an Unternehmen, die mit Verantwortung, Weitblick und wirtschaftlicher Substanz zur Zukunftsf\u00e4higkeit Europas beitragen. Schirmherr ist Unternehmer Martin Kind, Initiator ist DUP UNTERNEHMER. <\/p>\n<p> Moderiert wurde die Veranstaltung von Jens de Buhr, Verleger der DUP UNTERNEHMER-Medien. Er begr\u00fc\u00dfte neben zahlreichen Ehreng\u00e4sten und Preistr\u00e4gern unter anderem Gitta Connemann, Parlamentarische Staatssekret\u00e4rin bei der Bundesministerin f\u00fcr Wirtschaft und Energie. Inhaltlicher H\u00f6hepunkt des feierlichen Abends war ein Vortrag des US-amerikanischen Vordenkers Alvin W. Graylin, der \u00fcber Europas Rolle im globalen Tech-Wettbewerb sprach. <\/p>\n<p><b>Das sind die Preistr\u00e4ger 2025<\/b><\/p>\n<p> In der <b>Kategorie Innovation<\/b> nahm Claudia Alsdoref die Siegertroph\u00e4e f\u00fcr <b>das Digitalunternehmen Schwarz Digits<\/b> entgegen. Die Laudatio hielt Ayse Mese, Gesch\u00e4ftsf\u00fchrerin von JDB Holding. Den Preis in der <b>Kategorie Technologie<\/b> nahm Artus Rupalla f\u00fcr das <b>Unternehmen TeamViewer Germany<\/b> aus den H\u00e4nden von Betty Kie\u00df, Sprecherin von Digitalminister Dr. Karsten Wildberger, entgegen. <\/p>\n<p> Laudator Eric Bussert, HanseMerkur, zeichnete <b>Seeburger AG als Familienunternehmen des Jahres<\/b> aus. Vorstand Jan Kirsch nahm den Preis auf der B\u00fchne entgegen. Der <b>Publikumspreis<\/b> ging an das <b>Robotik-Start-up Neura Robotics<\/b>, f\u00fcr das Robin Kaufmann nach Berlin gekommen war. Mit <b>Thomas Stoffmehl<\/b>, CEO von Vorwerk, wurde <b>als &#8222;Top Leader&#8220;<\/b> f\u00fcr au\u00dfergew\u00f6hnliche Management-Leistungen von Laudator Prof. Dr. Jochen A. Werner geehrt. Ein Sonderpreis &#8211; <b>Deutscher Digitalmeister<\/b> &#8211; ging an das Unternehmen <b>EintrachtTech<\/b>, eine Tochtergesellschaft von Eintracht Frankfurt, f\u00fcr das Gesch\u00e4ftsf\u00fchrer Timm J\u00e4ger von Christian Glanz, CIO der Deutschen Verm\u00f6gensberatung, ausgezeichnet wurde. <\/p>\n<p class=\"contact-headline\">Pressekontakt:<\/p>\n<p class=\"contact-text\">DUP Media GmbH<br \/>Schanzenstra\u00dfe 70<br \/>20357 Hamburg<br \/>E-Mail: <a href=\"https:\/\/www.presseportal.de\/pm\/153584\/mailto: redaktion@jdb.de\" class=\"uri-mailto\" target=\"_blank\" rel=\"noopener\"> redaktion@jdb.de<\/a><\/p>\n<p class=\"originator\">Original-Content von: DUP UNTERNEHMER-Magazin, \u00fcbermittelt durch news aktuell<\/p>\n","protected":false},"excerpt":{"rendered":"10.09.2025 \u2013 08:00 DUP UNTERNEHMER-Magazin Berlin (ots) Europa hat starke Unternehmen &#8211; und jetzt auch einen Preis, der&hellip;\n","protected":false},"author":2,"featured_media":410967,"comment_status":"","ping_status":"","sticky":false,"template":"","format":"standard","meta":{"footnotes":""},"categories":[3933],"tags":[331,332,3681,3477,548,663,158,3934,3935,13,108646,14,15,178,180,179,181,12,3699],"class_list":{"0":"post-410966","1":"post","2":"type-post","3":"status-publish","4":"format-standard","5":"has-post-thumbnail","7":"category-eu","8":"tag-aktuelle-nachrichten","9":"tag-aktuelle-news","10":"tag-auszeichnung","11":"tag-bild","12":"tag-eu","13":"tag-europa","14":"tag-europaeische-union","15":"tag-europe","16":"tag-european-union","17":"tag-headlines","18":"tag-made-in-europe-award-for-excellence","19":"tag-nachrichten","20":"tag-news","21":"tag-presse","22":"tag-pressemeldung","23":"tag-pressemitteilung","24":"tag-pressemitteilungen","25":"tag-schlagzeilen","26":"tag-veranstaltung"},"share_on_mastodon":{"url":"https:\/\/pubeurope.com\/@de\/115178526989553031","error":""},"_links":{"self":[{"href":"https:\/\/www.europesays.com\/de\/wp-json\/wp\/v2\/posts\/410966","targetHints":{"allow":["GET"]}}],"collection":[{"href":"https:\/\/www.europesays.com\/de\/wp-json\/wp\/v2\/posts"}],"about":[{"href":"https:\/\/www.europesays.com\/de\/wp-json\/wp\/v2\/types\/post"}],"author":[{"embeddable":true,"href":"https:\/\/www.europesays.com\/de\/wp-json\/wp\/v2\/users\/2"}],"replies":[{"embeddable":true,"href":"https:\/\/www.europesays.com\/de\/wp-json\/wp\/v2\/comments?post=410966"}],"version-history":[{"count":0,"href":"https:\/\/www.europesays.com\/de\/wp-json\/wp\/v2\/posts\/410966\/revisions"}],"wp:featuredmedia":[{"embeddable":true,"href":"https:\/\/www.europesays.com\/de\/wp-json\/wp\/v2\/media\/410967"}],"wp:attachment":[{"href":"https:\/\/www.europesays.com\/de\/wp-json\/wp\/v2\/media?parent=410966"}],"wp:term":[{"taxonomy":"category","embeddable":true,"href":"https:\/\/www.europesays.com\/de\/wp-json\/wp\/v2\/categories?post=410966"},{"taxonomy":"post_tag","embeddable":true,"href":"https:\/\/www.europesays.com\/de\/wp-json\/wp\/v2\/tags?post=410966"}],"curies":[{"name":"wp","href":"https:\/\/api.w.org\/{rel}","templated":true}]}}