{"id":410986,"date":"2025-09-10T06:24:12","date_gmt":"2025-09-10T06:24:12","guid":{"rendered":"https:\/\/www.europesays.com\/de\/410986\/"},"modified":"2025-09-10T06:24:12","modified_gmt":"2025-09-10T06:24:12","slug":"hannover-bundespolizei-messer-gehoeren-nicht-in-den-hauptbahnhof","status":"publish","type":"post","link":"https:\/\/www.europesays.com\/de\/410986\/","title":{"rendered":"Hannover: Bundespolizei: &#8222;Messer geh\u00f6ren nicht in den Hauptbahnhof&#8220;"},"content":{"rendered":"<p class=\"paragraph article__item\">Die <a class=\"rtr-entity\" href=\"https:\/\/www.zeit.de\/thema\/bundespolizei\" target=\"_blank\" rel=\"noopener\">Bundespolizei<\/a> will die Kriminalit\u00e4t am Hauptbahnhof Hannover weiter zur\u00fcckdr\u00e4ngen. Die Gewaltdelikte dort seien zwar um \u00fcber 20 Prozent zur\u00fcckgegangen, sagte Michael Schuol, der Pr\u00e4sident der Bundespolizeidirektion Hannover, der \u00abHannoverschen Allgemeinen Zeitung\u00bb. Aber: \u00abWas uns Sorge macht, sind die Art und Intensit\u00e4t.\u00bb So seien seit Jahresbeginn am Hauptbahnhof mehr als 100 Messer und 130 gef\u00e4hrliche Gegenst\u00e4nde festgestellt worden.\n<\/p>\n<p>Aktuelles<\/p>\n<p>                <a href=\"https:\/\/www.zeit.de\/gesellschaft\/2025-08\/berliner-bundespolizei-waffenverbot-oepnv-einsatz\" data-ct-label=\"Berliner Bundespolizei: Kaum eine Schicht ohne sichergestellte Waffe\" target=\"_blank\" rel=\"noopener\"><\/p>\n<p>        Z+ (abopflichtiger Inhalt);<\/p>\n<p>    Berliner Bundespolizei:<br \/>\n                        Kaum eine Schicht ohne sichergestellte Waffe<\/p>\n<p>                <\/a><\/p>\n<p>                <a href=\"https:\/\/www.zeit.de\/politik\/deutschland\/2025-08\/migration-alexander-dobrindt-zurueckweisungen-grenzen-miosga\" data-ct-label=\"Migration: Dobrindt lobt Effekt der Zur\u00fcckweisungen an Grenzen\" target=\"_blank\" rel=\"noopener\"><\/p>\n<p>                        Migration:<br \/>\n                        Dobrindt lobt Effekt der Zur\u00fcckweisungen an Grenzen<\/p>\n<p>                <\/a><\/p>\n<p>                <a href=\"https:\/\/www.zeit.de\/zeit-magazin\/2025\/37\/drogen-hotspots-goerli-alter-botanischer-garten-kriminalitaet\" data-ct-label=\"Drogen-Hotspots: &quot;Hey, aber echt danke f\u00fcr die Kontrolle&quot;\" target=\"_blank\" rel=\"noopener\"><\/p>\n<p>        Z+ (abopflichtiger Inhalt);<\/p>\n<p>    Drogen-Hotspots:<br \/>\n                        &#8222;Hey, aber echt danke f\u00fcr die Kontrolle&#8220;<\/p>\n<p>                <\/a><\/p>\n<p class=\"paragraph article__item\">An den Hauptbahnh\u00f6fen in <a class=\"rtr-entity\" href=\"https:\/\/www.zeit.de\/thema\/hannover\" target=\"_blank\" rel=\"noopener\">Hannover<\/a> und Bremen sind Waffen seit November 2024 untersagt. Die entsprechenden Allgemeinverf\u00fcgungen wurden monatlich verl\u00e4ngert. Ausnahmen gelten etwa f\u00fcr Einsatzkr\u00e4fte von Polizei, Zoll und Bundeswehr. Das Verbot gilt rund um die Uhr. Ziel ist, die Sicherheit zu erh\u00f6hen.\n<\/p>\n<p>        Schuol: Betrachten Entwicklungen mit Sorge        <\/p>\n<p class=\"paragraph article__item\">\u00abWir haben schon eine Menge getan, betrachten die aktuellen Entwicklungen aber durchaus mit Sorge\u00bb, sagte Schuol. Ziel sei, die Sicherheitskooperation mit der Polizeidirektion, der Stadt Hannover und der <a class=\"rtr-entity\" href=\"https:\/\/www.zeit.de\/thema\/deutsche-bahn\" target=\"_blank\" rel=\"noopener\">Deutschen Bahn<\/a> zu intensivieren. Allerdings seien Messerangriffe in einer \u00abProblemklientel\u00bb kaum g\u00e4nzlich zu verhindern. \u00abWir sagen aber auch: Messer geh\u00f6ren nicht in den Hauptbahnhof. Deswegen werden wir immer wieder Kontrollen durchf\u00fchren, bis wir diesen Trend gebrochen haben.\u00bb\n<\/p>\n<p class=\"paragraph article__item\">Verst\u00e4rkt eingesetzt werden sollen seinen Worten zufolge sogenannte Super-Recogniser &#8211; speziell ausgebildete Beamtinnen und Beamte, die eine besondere Begabung haben, Straft\u00e4ter und Verd\u00e4chtige etwa \u00fcber Videokameras oder Fahndungsfotos wiederzuerkennen: \u00abSo haben wir in letzter Zeit mehrere Festnahmen und Verhaftungen umgesetzt.\u00bb Au\u00dferdem sollten mit der Deutschen Bahn und anderen Eisenbahnverkehrsunternehmen Straft\u00e4ter aus Bahnen ausgeschlossen werden. \u00abStraft\u00e4ter sollen sich weder im Bahnhof noch drumherum sicher f\u00fchlen\u00bb, sagte er.\n<\/p>\n<p>        Kriminalit\u00e4tswahrscheinlichkeit gering        <\/p>\n<p class=\"paragraph article__item\">Allerdings sei die Wahrscheinlichkeit, Opfer einer Straftat zu werden, am Hauptbahnhof Hannover deutlich geringer als andernorts &#8211; \u00abwenn man die Anzahl der Straftaten im Hauptbahnhof ins Verh\u00e4ltnis zur Anzahl der Reisenden setzt\u00bb.\n<\/p>\n<p class=\"paragraph article__item\">\u00a9 dpa-infocom, dpa:250910-930-18195\/1<\/p>\n","protected":false},"excerpt":{"rendered":"Die Bundespolizei will die Kriminalit\u00e4t am Hauptbahnhof Hannover weiter zur\u00fcckdr\u00e4ngen. Die Gewaltdelikte dort seien zwar um \u00fcber 20&hellip;\n","protected":false},"author":2,"featured_media":410987,"comment_status":"","ping_status":"","sticky":false,"template":"","format":"standard","meta":{"footnotes":""},"categories":[1836],"tags":[421,3364,2030,29,30,46,47996,3601,108650,15,1411],"class_list":{"0":"post-410986","1":"post","2":"type-post","3":"status-publish","4":"format-standard","5":"has-post-thumbnail","7":"category-hannover","8":"tag-bundespolizei","9":"tag-de","10":"tag-deutsche-bahn","11":"tag-deutschland","12":"tag-germany","13":"tag-hannover","14":"tag-hannoversche-allgemeine-zeitung","15":"tag-hauptbahnhof","16":"tag-michael-schuol","17":"tag-news","18":"tag-niedersachsen"},"share_on_mastodon":{"url":"https:\/\/pubeurope.com\/@de\/115178573971659017","error":""},"_links":{"self":[{"href":"https:\/\/www.europesays.com\/de\/wp-json\/wp\/v2\/posts\/410986","targetHints":{"allow":["GET"]}}],"collection":[{"href":"https:\/\/www.europesays.com\/de\/wp-json\/wp\/v2\/posts"}],"about":[{"href":"https:\/\/www.europesays.com\/de\/wp-json\/wp\/v2\/types\/post"}],"author":[{"embeddable":true,"href":"https:\/\/www.europesays.com\/de\/wp-json\/wp\/v2\/users\/2"}],"replies":[{"embeddable":true,"href":"https:\/\/www.europesays.com\/de\/wp-json\/wp\/v2\/comments?post=410986"}],"version-history":[{"count":0,"href":"https:\/\/www.europesays.com\/de\/wp-json\/wp\/v2\/posts\/410986\/revisions"}],"wp:featuredmedia":[{"embeddable":true,"href":"https:\/\/www.europesays.com\/de\/wp-json\/wp\/v2\/media\/410987"}],"wp:attachment":[{"href":"https:\/\/www.europesays.com\/de\/wp-json\/wp\/v2\/media?parent=410986"}],"wp:term":[{"taxonomy":"category","embeddable":true,"href":"https:\/\/www.europesays.com\/de\/wp-json\/wp\/v2\/categories?post=410986"},{"taxonomy":"post_tag","embeddable":true,"href":"https:\/\/www.europesays.com\/de\/wp-json\/wp\/v2\/tags?post=410986"}],"curies":[{"name":"wp","href":"https:\/\/api.w.org\/{rel}","templated":true}]}}