{"id":411106,"date":"2025-09-10T07:30:14","date_gmt":"2025-09-10T07:30:14","guid":{"rendered":"https:\/\/www.europesays.com\/de\/411106\/"},"modified":"2025-09-10T07:30:14","modified_gmt":"2025-09-10T07:30:14","slug":"grossbritannien-und-norwegen-treten-bei","status":"publish","type":"post","link":"https:\/\/www.europesays.com\/de\/411106\/","title":{"rendered":"Gro\u00dfbritannien und Norwegen treten bei"},"content":{"rendered":"<p>                    <a href=\"#\" rel=\"nofollow\" onclick=\"window.print(); return false;\" title=\"Printer Friendly, PDF &amp; Email\"><br \/>\n                    <img loading=\"lazy\" decoding=\"async\" alt=\"Print Friendly, PDF &amp; Email\" class=\"pf-button-img lazyload\" style=\"\" title=\"Nochmal CAVS: Gro\u00dfbritannien und Norwegen treten bei 1\" src=\"https:\/\/www.europesays.com\/de\/wp-content\/uploads\/2025\/04\/1743731657_738_print_button.jpg\" width=\"48\" height=\"48\" data-eio-rwidth=\"48\" data-eio-rheight=\"48\"\/><br \/>\n                    <\/a><\/p>\n<p>Gro\u00dfbritannien und Norwegen sind als sechstes und siebtes Mitglied dem CAVS-Programm f\u00fcr einen 6\u00d76-Transportpanzer beigetreten. Das teilte der finnische Hauptentwickler Patria am gestrigen Dienstag mit. Zugleich schlossen Patria und die britische Babcock International Group eine Kooperationsvereinbarung zur Herstellung des Fahrzeugs in Gro\u00dfbritannien. <a href=\"https:\/\/soldat-und-technik.de\/2025\/01\/mobilitaet\/41840\/patria-6x6-babcock\/\" rel=\"nofollow noopener\" target=\"_blank\">Beide Unternehmen hatten bereits im Januar ein gemeinsames Angebot f\u00fcr einen Bedarf der British Army eingereicht<\/a>. Im selben Monat unterzeichneten Gro\u00dfbritannien und Patria ein Memorandum of Understanding f\u00fcr entsprechende Lieferungen.<\/p>\n<p>Der Vereinbarung nach soll Patria Design und Entwicklung einer britischen Version \u00fcbernehmen, w\u00e4hrend Babcock Produktion und technischen Support f\u00fchren soll. Damit zeichnet sich f\u00fcr Gro\u00dfbritannien, das bereits den Boxer als 8\u00d78-Transportpanzer in neun verschiedenen Versionen \u2013 darunter als Tr\u00e4ger f\u00fcr Infanterie- und Pioniergruppen, Aufkl\u00e4rungs- und Feuerunterst\u00fctzungsfahrzeug, M\u00f6rsertr\u00e4ger, mobilen Gefechtsstand und Krankenwagen \u2013 beschafft, eine \u00e4hnliche Mischl\u00f6sung wie in Deutschland ab.<\/p>\n<p><strong>Alle nordischen NATO-Mitglieder nun Teil des CAVS-Programms<\/strong><\/p>\n<p>Hierzulande soll der Typ den Transportpanzer Fuchs abl\u00f6sen. Zun\u00e4chst war von einem Bedarf von bis zu 1.000 Fahrzeugen die Rede.\u00a0<a href=\"https:\/\/hardthoehenkurier.de\/beschaffungsplaene-ein-schluck-aus-der-pulle\/\" target=\"_blank\" rel=\"noopener noreferrer nofollow\">Zuletzt gab es Meldungen \u00fcber Beschaffungspl\u00e4ne von bis zu 3.500 St\u00fcck<\/a>. Unter anderem wird das zuk\u00fcnftige 120-mm-M\u00f6rsersystem als System Indirektes Feuer kurze Reichweite schwer (ZukSysIndF kRw schwer) auf der Plattform umgesetzt. Dieses Projekt umfasst sowohl M\u00f6rsertr\u00e4ger als auch Feuerleitfahrzeuge. Die inl\u00e4ndische Produktion und Instandsetzung sind am Standort Freisen von KNDS Deutschland Maintenance vorgesehen.<\/p>\n<p>Unter dem Programmnamen CAVS wurde der 6\u00d76-Transportpanzer, Firmenbezeichnung Patria XA-300, seit 2019 gemeinsam von Finnland und Lettland, seit 2021 auch Schweden und seit 2023 Deutschland entwickelt. Das urspr\u00fcngliche Projektmitglied Estland stieg zwischenzeitlich wieder aus. <a href=\"https:\/\/soldat-und-technik.de\/2025\/09\/mobilitaet\/45273\/cavs-6x6-daenemark\/\" rel=\"nofollow noopener\" target=\"_blank\">In dieser Woche erhielt auch das zuvor j\u00fcngste Mitglied D\u00e4nemark die ersten von 129 erst im Juli bestellten Fahrzeugen<\/a>. Mit Norwegen sind nun alle nordischen NATO-Partner (mit Ausnahme des armeelosen Island) Teil des Programms.<\/p>\n<p><strong>Redaktion\/sab<\/strong><\/p>\n","protected":false},"excerpt":{"rendered":"Gro\u00dfbritannien und Norwegen sind als sechstes und siebtes Mitglied dem CAVS-Programm f\u00fcr einen 6\u00d76-Transportpanzer beigetreten. Das teilte der&hellip;\n","protected":false},"author":2,"featured_media":411107,"comment_status":"","ping_status":"","sticky":false,"template":"","format":"standard","meta":{"footnotes":""},"categories":[3976],"tags":[331,332,13,14,15,12,3992,3993,3994,3995,3996,3997],"class_list":{"0":"post-411106","1":"post","2":"type-post","3":"status-publish","4":"format-standard","5":"has-post-thumbnail","7":"category-vereinigtes-koenigreich","8":"tag-aktuelle-nachrichten","9":"tag-aktuelle-news","10":"tag-headlines","11":"tag-nachrichten","12":"tag-news","13":"tag-schlagzeilen","14":"tag-uk","15":"tag-united-kingdom","16":"tag-united-kingdom-of-great-britain-and-northern-ireland","17":"tag-vereinigtes-koenigreich","18":"tag-vereinigtes-koenigreich-grossbritannien-und-nordirland","19":"tag-vereinigtes-koenigreich-von-grossbritannien-und-nordirland"},"share_on_mastodon":{"url":"https:\/\/pubeurope.com\/@de\/115178833501693997","error":""},"_links":{"self":[{"href":"https:\/\/www.europesays.com\/de\/wp-json\/wp\/v2\/posts\/411106","targetHints":{"allow":["GET"]}}],"collection":[{"href":"https:\/\/www.europesays.com\/de\/wp-json\/wp\/v2\/posts"}],"about":[{"href":"https:\/\/www.europesays.com\/de\/wp-json\/wp\/v2\/types\/post"}],"author":[{"embeddable":true,"href":"https:\/\/www.europesays.com\/de\/wp-json\/wp\/v2\/users\/2"}],"replies":[{"embeddable":true,"href":"https:\/\/www.europesays.com\/de\/wp-json\/wp\/v2\/comments?post=411106"}],"version-history":[{"count":0,"href":"https:\/\/www.europesays.com\/de\/wp-json\/wp\/v2\/posts\/411106\/revisions"}],"wp:featuredmedia":[{"embeddable":true,"href":"https:\/\/www.europesays.com\/de\/wp-json\/wp\/v2\/media\/411107"}],"wp:attachment":[{"href":"https:\/\/www.europesays.com\/de\/wp-json\/wp\/v2\/media?parent=411106"}],"wp:term":[{"taxonomy":"category","embeddable":true,"href":"https:\/\/www.europesays.com\/de\/wp-json\/wp\/v2\/categories?post=411106"},{"taxonomy":"post_tag","embeddable":true,"href":"https:\/\/www.europesays.com\/de\/wp-json\/wp\/v2\/tags?post=411106"}],"curies":[{"name":"wp","href":"https:\/\/api.w.org\/{rel}","templated":true}]}}