{"id":411194,"date":"2025-09-10T08:19:11","date_gmt":"2025-09-10T08:19:11","guid":{"rendered":"https:\/\/www.europesays.com\/de\/411194\/"},"modified":"2025-09-10T08:19:11","modified_gmt":"2025-09-10T08:19:11","slug":"metaanalyse-erhoehtes-copd-risiko-durch-e-zigaretten","status":"publish","type":"post","link":"https:\/\/www.europesays.com\/de\/411194\/","title":{"rendered":"Metaanalyse: Erh\u00f6htes COPD-Risiko durch E-Zigaretten"},"content":{"rendered":"<p>        <img decoding=\"async\" class=\"articleimage lazy-load\" src=\"https:\/\/www.europesays.com\/de\/wp-content\/uploads\/2025\/09\/e-zigarette-mann.webp.webp\" alt=\"E-Zigarette Mann\" title=\"E-Zigarette Mann\"\/> <\/p>\n<p>Die <a href=\"https:\/\/www.gelbe-liste.de\/krankheiten\/chronisch-obstruktive-lungenerkrankung-copd\" rel=\"nofollow noopener\" target=\"_blank\">chronisch obstruktive Lungenerkrankung (COPD)<\/a> z\u00e4hlt weltweit zu den f\u00fchrenden Todesursachen. Neben den klassischen Ursachen wie dem Zigarettenrauchen r\u00fccken zunehmend auch andere Inhalationsquellen, wie E-Zigaretten, in den Fokus der Forschung. Diese gelten vielfach als vermeintlich harmlose Alternative zur Tabakzigarette und werden auch als solche beworben bzw. im Rahmen von Entw\u00f6hnungsstrategien eingesetzt.<\/p>\n<p>E-Zigaretten als neue Herausforderung f\u00fcr die Lungenmedizin<\/p>\n<p>Die durch E-Zigaretten erzeugten Aerosole enthalten jedoch eine Vielzahl potenziell sch\u00e4dlicher Substanzen, darunter Formaldehyd, Acrolein, ultrafeine Partikel und Schwermetalle. Diese Bestandteile k\u00f6nnen inflammatorische Prozesse und strukturelle Lungensch\u00e4den ausl\u00f6sen \u2013 \u00e4hnlich wie beim konventionellen Tabakkonsum.<br \/>Die internationale Verbreitung von E-Zigaretten nimmt weiter zu, insbesondere unter jungen Erwachsenen und ehemaligen Rauchern. Vor diesem Hintergrund ist eine differenzierte Bewertung ihrer gesundheitlichen Auswirkungen dringend erforderlich. Eine aktuelle Metaanalyse hat nun erstmals systematisch untersucht, ob ein Zusammenhang zwischen E-Zigarettenkonsum und der Diagnose einer COPD besteht.<\/p>\n<p>Wie sch\u00e4dlich sind E-Zigaretten f\u00fcr die Lunge?<\/p>\n<p>In der Metaanalyse wurden prospektive und querschnittliche Beobachtungsstudien mit quantitativen Risikosch\u00e4tzungen ber\u00fccksichtigt. Die Analyse basierte auf insgesamt 17 Studien, mit mindestens einem der drei Nutzertypen: aktuelle, ehemalige oder sogenannte \u201ejemals\u201c-E-Zigarettennutzer. Letztere umfassen alle Personen, die in ihrem Leben zu irgendeinem Zeitpunkt E-Zigaretten konsumiert haben \u2013 unabh\u00e4ngig von H\u00e4ufigkeit, Dauer oder Zeitpunkt des letzten Konsums. Die COPD-Diagnose basierte \u00fcberwiegend auf Selbstauskunft, in zwei Studien kamen spirometrische Kriterien (FEV1\/FVC-Ratio) zum Einsatz.<\/p>\n<p>Erh\u00f6htes COPD-Risiko bei allen Nutzergruppen<\/p>\n<p>Die Analyse zeigte f\u00fcr alle untersuchten Nutzergruppen eine signifikante Erh\u00f6hung des Risikos f\u00fcr eine COPD. Bei aktuellen E-Zigarettennutzern lag das Risiko um 47,3 % h\u00f6her als bei Personen ohne Konsum. Den st\u00e4rksten Anstieg wiesen ehemalige Nutzer auf, deren Konsum zum Zeitpunkt der Datenerhebung bereits beendet war. Hier war das Risiko um 76,6 % erh\u00f6ht. Auch die sogenannten \u201ejemals\u201c-E-Zigarettenraucher hatten noch ein um 38,8 % h\u00f6heres Risiko im Vergleich zu Personen ohne jede Nutzung.<br \/>In den meisten eingeschlossenen Studien wurde der Einfluss des Tabak-Zigarettenrauchens statistisch ber\u00fccksichtigt, um den Effekt des E-Zigarettenkonsums isoliert zu bewerten. Da jedoch nicht alle Arbeiten hierf\u00fcr adjustierten und Doppel- bzw. Wechselkonsum nicht immer klar abgegrenzt wurde, kann ein verbleibender Einfluss des Tabakrauchens nicht ausgeschlossen werden.<\/p>\n<p>Variation abh\u00e4ngig von der Art der Studie<\/p>\n<p>Die Subgruppenanalyse verdeutlichte, dass das Studiendesign einen Einfluss auf die St\u00e4rke der beobachteten Assoziation hatte. Querschnittsstudien, die auf einem einmaligen Erhebungszeitpunkt basierten, zeigten h\u00f6here Risikosch\u00e4tzungen, was m\u00f6glicherweise auf Selektionsverzerrungen oder eine h\u00f6here Anf\u00e4lligkeit f\u00fcr Bias zur\u00fcckzuf\u00fchren ist. Kohortenstudien, die den Krankheitsverlauf \u00fcber einen l\u00e4ngeren Zeitraum verfolgten, best\u00e4tigten den Zusammenhang zwar ebenfalls, wiesen jedoch geringere Effektgr\u00f6\u00dfen auf.<\/p>\n<p>Vergleich mit konventionellem Zigarettenkonsum<\/p>\n<p>Der in dieser Metaanalyse festgestellte Anstieg des COPD-Risikos durch E-Zigarettenkonsum ist laut den Autoren geringer als beim klassischen Zigarettenrauchen. Fr\u00fchere systematische \u00dcbersichtsarbeiten und Metaanalysen weisen f\u00fcr konventionelle Zigaretten deutlich h\u00f6here Risikosch\u00e4tzungen aus, mit einer Odds Ratio von 2,89 bei Personen, die jemals geraucht haben, und 3,51 bei aktuellen Rauchern. Ein fortgesetzter Konsum \u00fcber mindestens zehn Jahre hinweg war mit noch h\u00f6heren Werten assoziiert. Dennoch handelt es sich nach Ansicht der Forscher um klinisch relevante Ergebnisse, die verdeutlichen, dass E-Zigaretten keine sichere Alternative darstellen und der vollst\u00e4ndige Verzicht auf inhalative Schadstoffexposition anzustreben ist.<\/p>\n<p>Pr\u00e4vention und Aufkl\u00e4rung in den Fokus r\u00fccken<\/p>\n<p>Die vorliegenden Ergebnisse liefern eine konsistente Evidenzbasis f\u00fcr ein erh\u00f6htes COPD-Risiko bei Personen mit aktuellem oder zur\u00fcckliegendem E-Zigarettenkonsum. Obwohl das Risiko im Vergleich zum klassischen Zigarettenrauchen geringer ausf\u00e4llt, zeigen sich auch f\u00fcr E-Zigaretten signifikante Zusammenh\u00e4nge mit respiratorischen Langzeitsch\u00e4den.<br \/>Bemerkenswert ist, dass sich ein erh\u00f6htes Risiko selbst bei fr\u00fcherem oder gelegentlichem Konsum nachweisen lie\u00df. Dies ist ein Hinweis darauf, dass auch intermittierender Kontakt mit den Inhaltsstoffen von E-Zigarettenaerosolen potenziell sch\u00e4dlich ist und sie kein unbedenkliches Konsumprodukt darstellen. Vor allem vor dem Hintergrund einer wachsenden Nutzergruppe, insbesondere bei jungen Erwachsenen, gewinnen Pr\u00e4vention und Aufkl\u00e4rung \u00fcber die potenziellen Langzeitfolgen des Dampfens zunehmend an Bedeutung.<br \/>\u00a0<\/p>\n","protected":false},"excerpt":{"rendered":"Die chronisch obstruktive Lungenerkrankung (COPD) z\u00e4hlt weltweit zu den f\u00fchrenden Todesursachen. Neben den klassischen Ursachen wie dem Zigarettenrauchen&hellip;\n","protected":false},"author":2,"featured_media":411195,"comment_status":"","ping_status":"","sticky":false,"template":"","format":"standard","meta":{"footnotes":""},"categories":[137],"tags":[20554,29,53604,30,141,232,882,435,14343,34776],"class_list":{"0":"post-411194","1":"post","2":"type-post","3":"status-publish","4":"format-standard","5":"has-post-thumbnail","7":"category-gesundheit","8":"tag-copd","9":"tag-deutschland","10":"tag-e-zigarette","11":"tag-germany","12":"tag-gesundheit","13":"tag-health","14":"tag-metaanalyse","15":"tag-praevention","16":"tag-rauchen","17":"tag-risiko"},"share_on_mastodon":{"url":"https:\/\/pubeurope.com\/@de\/115179026249853287","error":""},"_links":{"self":[{"href":"https:\/\/www.europesays.com\/de\/wp-json\/wp\/v2\/posts\/411194","targetHints":{"allow":["GET"]}}],"collection":[{"href":"https:\/\/www.europesays.com\/de\/wp-json\/wp\/v2\/posts"}],"about":[{"href":"https:\/\/www.europesays.com\/de\/wp-json\/wp\/v2\/types\/post"}],"author":[{"embeddable":true,"href":"https:\/\/www.europesays.com\/de\/wp-json\/wp\/v2\/users\/2"}],"replies":[{"embeddable":true,"href":"https:\/\/www.europesays.com\/de\/wp-json\/wp\/v2\/comments?post=411194"}],"version-history":[{"count":0,"href":"https:\/\/www.europesays.com\/de\/wp-json\/wp\/v2\/posts\/411194\/revisions"}],"wp:featuredmedia":[{"embeddable":true,"href":"https:\/\/www.europesays.com\/de\/wp-json\/wp\/v2\/media\/411195"}],"wp:attachment":[{"href":"https:\/\/www.europesays.com\/de\/wp-json\/wp\/v2\/media?parent=411194"}],"wp:term":[{"taxonomy":"category","embeddable":true,"href":"https:\/\/www.europesays.com\/de\/wp-json\/wp\/v2\/categories?post=411194"},{"taxonomy":"post_tag","embeddable":true,"href":"https:\/\/www.europesays.com\/de\/wp-json\/wp\/v2\/tags?post=411194"}],"curies":[{"name":"wp","href":"https:\/\/api.w.org\/{rel}","templated":true}]}}