{"id":411294,"date":"2025-09-10T09:17:15","date_gmt":"2025-09-10T09:17:15","guid":{"rendered":"https:\/\/www.europesays.com\/de\/411294\/"},"modified":"2025-09-10T09:17:15","modified_gmt":"2025-09-10T09:17:15","slug":"freibaeder-duesseldorf-sommer-besucherrekord-bricht-vorjahresniveau","status":"publish","type":"post","link":"https:\/\/www.europesays.com\/de\/411294\/","title":{"rendered":"Freib\u00e4der D\u00fcsseldorf: Sommer-Besucherrekord bricht Vorjahresniveau"},"content":{"rendered":"<p>D\u00fcsseldorf feiert Sommerbilanz <\/p>\n<p>Freib\u00e4der ziehen Besucher trotz gemischtem Wetter an<\/p>\n<p>10.09.2025 &#8211; 11:14 UhrLesedauer: 1 Min.<\/p>\n<p><a href=\"#focus-0\" class=\"transition-colors duration-200 focus-within:text-magenta block text-current relative\" data-sctrack=\"FocusGalleryImage.Reference\"><img fetchpriority=\"high\" data-testid=\"Opener.Image\" style=\"--lqipURL:url('https:\/\/images.t-online.de\/2025\/09\/Ikyt4J82yoKe\/320x1414:3291x1851\/fit-in\/150x0\/filters:blur(25)\/luftbild-allwetterbad-flingern-duesseldorf-rheinland-nordrhein-westfalen-deutschland-achtungxmindesthonorarx60xeuro-aerial-photograph-all-weather-spa-flingern-duesseldorf-rhineland-north-rhine-westphalia-germany-attentionxmindesthonoraryx60xeuro.jpg')\"   loading=\"eager\" src=\"https:\/\/www.europesays.com\/de\/wp-content\/uploads\/2025\/09\/luftbild-allwetterbad-flingern-duesseldorf-rheinland-nordrhein-westfalen-deutschland-achtungxmindest.jpeg\" alt=\"imago images 103106277\" title=\"imago images 103106277\" width=\"3291\" height=\"1851\" class=\"bg-[url:var(--lqipURL)] bg-cover bg-center flex h-full w-full max-w-full\" decoding=\"async\"\/><img style=\"--width:32;--height:32\" loading=\"lazy\" src=\"https:\/\/www.t-online.de\/s\/paper\/_next\/static\/media\/zoom-in.f7dae02f.svg\" alt=\"Vergr\u00f6\u00dfern des Bildes\" title=\"Vergr\u00f6\u00dfern des Bildes\" class=\"block h-[calc(var(--height)_\/_16_*_1rem)] w-[calc(var(--width)_\/_16_*_1rem)] max-w-none absolute bottom-8 right-8 rounded-4 bg-snow p-8\" decoding=\"async\"\/><\/a><\/p>\n<p>Allwetterbad Flingern von oben (Archivbild): F\u00fchrt mit 90.000 Besuchern die erfolgreiche Freibadsaison an. (Quelle: Hans Blossey via www.imago-images.de\/imago)<\/p>\n<p class=\"font-bold text-18 leading-17\">Mit dem Ende der Freibadsaison am 14. September im Allwetterbad Flingern zieht D\u00fcsseldorf eine positive Sommer-Bilanz. Im Rheinbad hat bereits der Normalbetrieb begonnen.<\/p>\n<p class=\"text-18 leading-17\">Die Freibadsaison in <a class=\"transition-colors duration-200 cursor-pointer text-inherit no-underline text-salemsfur md:hover:text-magenta md:hover:border-magenta md:focus:text-magenta border-current border-b border-solid break-words\" href=\"https:\/\/www.t-online.de\/region\/duesseldorf\/\" data-sctrack=\"BodyAnchor\" rel=\"nofollow noopener\" target=\"_blank\">D\u00fcsseldorf<\/a> klingt aus. Nach Angaben der Stadtverwaltung schlie\u00dft am 14. September auch das Allwetterbad Flingern seine Tore f\u00fcr Freiluftschwimmer. Im Rheinbad l\u00e4uft seit dem 9. September wieder der Normalbetrieb.<\/p>\n<p class=\"text-18 leading-17\">Die D\u00fcsseldorfer B\u00e4der ziehen eine positive Bilanz der Sommersaison 2025. Mit insgesamt knapp 255.000 Besuchern in allen Freib\u00e4dern wurde das Niveau des Vorjahres \u00fcbertroffen. Das Allwetterbad Flingern lockte mit rund 90.000 G\u00e4sten die meisten Besucher an, gefolgt vom Strandbad L\u00f6rick mit gut 82.000 Besuchern.<\/p>\n<p class=\"text-18 leading-17\">Das Freibad Benrath verzeichnete knapp 40.000 Schwimmer an 94 \u00d6ffnungstagen. Im Rheinbad, das im witterungsbedingten Wechselbetrieb ge\u00f6ffnet war, z\u00e4hlte die Stadt an 68 Tagen gut 43.000 Besucher.<\/p>\n<p class=\"text-18 leading-17\">&#8222;Wir m\u00f6chten uns ganz herzlich bei unseren Mitarbeiterinnen und Mitarbeitern bedanken, die auch in diesem Jahr mit au\u00dfergew\u00f6hnlicher Flexibilit\u00e4t zum Gelingen der Freibadsaison beigetragen haben&#8220;, sagte Achim Freund, Leiter des Badebetriebs in D\u00fcsseldorf.<\/p>\n<p class=\"text-18 leading-17\">F\u00fcr die Wintersaison k\u00fcndigt die Stadt neue Angebote an. Dazu z\u00e4hlen Saunaveranstaltungen in der neuen Eventsauna der Suomi-Sauna sowie ein Baby-Spa in der Strand-Sauna im Freizeitbad D\u00fcsselstrand. Zudem werden wieder Aquafitness- und Schwimmkurse f\u00fcr Kinder und Erwachsene angeboten.<\/p>\n","protected":false},"excerpt":{"rendered":"D\u00fcsseldorf feiert Sommerbilanz Freib\u00e4der ziehen Besucher trotz gemischtem Wetter an 10.09.2025 &#8211; 11:14 UhrLesedauer: 1 Min. Allwetterbad Flingern&hellip;\n","protected":false},"author":2,"featured_media":411295,"comment_status":"","ping_status":"","sticky":false,"template":"","format":"standard","meta":{"footnotes":""},"categories":[1831],"tags":[722,31871,3364,29,3405,10860,10182,30,1209,29834,33378,108773],"class_list":{"0":"post-411294","1":"post","2":"type-post","3":"status-publish","4":"format-standard","5":"has-post-thumbnail","7":"category-duesseldorf","8":"tag-722","9":"tag-allwetterbad","10":"tag-de","11":"tag-deutschland","12":"tag-duesseldorf","13":"tag-freibad","14":"tag-freibadsaison","15":"tag-germany","16":"tag-nordrhein-westfalen","17":"tag-normalbetrieb","18":"tag-rheinbad","19":"tag-sommerbilanz"},"share_on_mastodon":{"url":"https:\/\/pubeurope.com\/@de\/115179254383804977","error":""},"_links":{"self":[{"href":"https:\/\/www.europesays.com\/de\/wp-json\/wp\/v2\/posts\/411294","targetHints":{"allow":["GET"]}}],"collection":[{"href":"https:\/\/www.europesays.com\/de\/wp-json\/wp\/v2\/posts"}],"about":[{"href":"https:\/\/www.europesays.com\/de\/wp-json\/wp\/v2\/types\/post"}],"author":[{"embeddable":true,"href":"https:\/\/www.europesays.com\/de\/wp-json\/wp\/v2\/users\/2"}],"replies":[{"embeddable":true,"href":"https:\/\/www.europesays.com\/de\/wp-json\/wp\/v2\/comments?post=411294"}],"version-history":[{"count":0,"href":"https:\/\/www.europesays.com\/de\/wp-json\/wp\/v2\/posts\/411294\/revisions"}],"wp:featuredmedia":[{"embeddable":true,"href":"https:\/\/www.europesays.com\/de\/wp-json\/wp\/v2\/media\/411295"}],"wp:attachment":[{"href":"https:\/\/www.europesays.com\/de\/wp-json\/wp\/v2\/media?parent=411294"}],"wp:term":[{"taxonomy":"category","embeddable":true,"href":"https:\/\/www.europesays.com\/de\/wp-json\/wp\/v2\/categories?post=411294"},{"taxonomy":"post_tag","embeddable":true,"href":"https:\/\/www.europesays.com\/de\/wp-json\/wp\/v2\/tags?post=411294"}],"curies":[{"name":"wp","href":"https:\/\/api.w.org\/{rel}","templated":true}]}}