{"id":411314,"date":"2025-09-10T09:27:15","date_gmt":"2025-09-10T09:27:15","guid":{"rendered":"https:\/\/www.europesays.com\/de\/411314\/"},"modified":"2025-09-10T09:27:15","modified_gmt":"2025-09-10T09:27:15","slug":"statistik-realloehne-in-hamburg-steigen-um-vier-prozent","status":"publish","type":"post","link":"https:\/\/www.europesays.com\/de\/411314\/","title":{"rendered":"Statistik: Reall\u00f6hne in Hamburg steigen um vier Prozent"},"content":{"rendered":"<p>        10. September 2025, 11:20 Uhr<br \/>\n    Quelle: dpa Hamburg\/Schleswig-Holstein\n<\/p>\n<p>        Hinweis<\/p>\n<p class=\"article-notice__text\">DIE ZEIT hat diese Meldung redaktionell nicht bearbeitet. Sie wurde automatisch von der Deutschen Presse-Agentur (dpa) \u00fcbernommen.<\/p>\n<p>            <img decoding=\"async\" class=\"article__media-item\" src=\"https:\/\/www.europesays.com\/de\/wp-content\/uploads\/2025\/09\/1757496435_928_wide__660x371.jpeg\" alt=\"Statistik: Blick auf den Eingangsbereich zum Statistischen Amt f\u00fcr Hamburg und Schleswig-Holstein. (Archivbild)\"\/><\/p>\n<p>                    Blick auf den Eingangsbereich zum Statistischen Amt f\u00fcr Hamburg und Schleswig-Holstein. (Archivbild)<br \/>\n            \u00a9\u00a0Marcus Brandt\/\u200bdpa<\/p>\n<p class=\"paragraph article__item\">Die Reall\u00f6hne in <a class=\"rtr-entity\" href=\"https:\/\/www.zeit.de\/thema\/hamburg\" rel=\"nofollow noopener\" target=\"_blank\">Hamburg<\/a> lagen im zweiten Quartal vier Prozent \u00fcber denen des Vorjahresquartals. Das teilte das Statistikamt Nord in Hamburg mit. \u00abDas Reallohnwachstum pegelt sich auf einem normaleren Niveau ein\u00bb, sagte eine Statistikerin des Amtes zu der Entwicklung.\n<\/p>\n<p>Aktuelles<\/p>\n<p>                <a href=\"https:\/\/www.zeit.de\/wirtschaft\/2025-08\/kaufkraft-einkommen-realloehne-gestiegen-verbraucherpreise\" data-ct-label=\"Einkommenszuwachs: Reall\u00f6hne steigen im zweiten Quartal weiter an\" rel=\"nofollow noopener\" target=\"_blank\"><\/p>\n<p>                        Einkommenszuwachs:<br \/>\n                        Reall\u00f6hne steigen im zweiten Quartal weiter an<\/p>\n<p>                <\/a><\/p>\n<p>                <a href=\"https:\/\/www.zeit.de\/wirtschaft\/2025-08\/haushaltseinkommen-ungleichheit-lohnentwicklung-finanzen-inflation\" data-ct-label=\"Haushaltseinkommen: Ungleichheit sinkt bei L\u00f6hnen, steigt aber beim Einkommen\" rel=\"nofollow noopener\" target=\"_blank\"><\/p>\n<p>                        Haushaltseinkommen:<br \/>\n                        Ungleichheit sinkt bei L\u00f6hnen, steigt aber beim Einkommen<\/p>\n<p>                <\/a><\/p>\n<p>                <a href=\"https:\/\/www.zeit.de\/wirtschaft\/unternehmen\/2025-08\/nvidia-zahlen-zweites-quartal-2025-ki-blackwell\" data-ct-label=\"Chip-Produktion: Nvidia verzeichnet erneut hohe Gewinne im zweiten Quartal\" rel=\"nofollow noopener\" target=\"_blank\"><\/p>\n<p>                        Chip-Produktion:<br \/>\n                        Nvidia verzeichnet erneut hohe Gewinne im zweiten Quartal<\/p>\n<p>                <\/a><\/p>\n<p class=\"paragraph article__item\">Im ersten Quartal hatte das Lohnwachstum 1,7 Prozent \u00fcber dem Vorjahreswert gelegen. Der Reallohn ist der um die Inflation verringerte Verdienst. Steigende Reall\u00f6hne bedeuten f\u00fcr Verbraucher eine h\u00f6here Kaufkraft.\n<\/p>\n<p class=\"paragraph article__item\">\u00a9 dpa-infocom, dpa:250910-930-19186\/1<\/p>\n","protected":false},"excerpt":{"rendered":"10. September 2025, 11:20 Uhr Quelle: dpa Hamburg\/Schleswig-Holstein Hinweis DIE ZEIT hat diese Meldung redaktionell nicht bearbeitet. Sie&hellip;\n","protected":false},"author":2,"featured_media":411315,"comment_status":"","ping_status":"","sticky":false,"template":"","format":"standard","meta":{"footnotes":"","_share_on_mastodon":"0"},"categories":[1826],"tags":[29,30,692,15,1239,924],"class_list":["post-411314","post","type-post","status-publish","format-standard","has-post-thumbnail","category-hamburg","tag-deutschland","tag-germany","tag-hamburg","tag-news","tag-reallohn","tag-statistik"],"share_on_mastodon":{"url":"https:\/\/pubeurope.com\/@de\/115179293514900514","error":""},"_links":{"self":[{"href":"https:\/\/www.europesays.com\/de\/wp-json\/wp\/v2\/posts\/411314","targetHints":{"allow":["GET"]}}],"collection":[{"href":"https:\/\/www.europesays.com\/de\/wp-json\/wp\/v2\/posts"}],"about":[{"href":"https:\/\/www.europesays.com\/de\/wp-json\/wp\/v2\/types\/post"}],"author":[{"embeddable":true,"href":"https:\/\/www.europesays.com\/de\/wp-json\/wp\/v2\/users\/2"}],"replies":[{"embeddable":true,"href":"https:\/\/www.europesays.com\/de\/wp-json\/wp\/v2\/comments?post=411314"}],"version-history":[{"count":0,"href":"https:\/\/www.europesays.com\/de\/wp-json\/wp\/v2\/posts\/411314\/revisions"}],"wp:featuredmedia":[{"embeddable":true,"href":"https:\/\/www.europesays.com\/de\/wp-json\/wp\/v2\/media\/411315"}],"wp:attachment":[{"href":"https:\/\/www.europesays.com\/de\/wp-json\/wp\/v2\/media?parent=411314"}],"wp:term":[{"taxonomy":"category","embeddable":true,"href":"https:\/\/www.europesays.com\/de\/wp-json\/wp\/v2\/categories?post=411314"},{"taxonomy":"post_tag","embeddable":true,"href":"https:\/\/www.europesays.com\/de\/wp-json\/wp\/v2\/tags?post=411314"}],"curies":[{"name":"wp","href":"https:\/\/api.w.org\/{rel}","templated":true}]}}