{"id":411363,"date":"2025-09-10T09:53:11","date_gmt":"2025-09-10T09:53:11","guid":{"rendered":"https:\/\/www.europesays.com\/de\/411363\/"},"modified":"2025-09-10T09:53:11","modified_gmt":"2025-09-10T09:53:11","slug":"niersbruecke-auf-der-k5-zwischen-korschenbroich-und-moenchengladbach-wieder-fuer-den-verkehr-freigegeben","status":"publish","type":"post","link":"https:\/\/www.europesays.com\/de\/411363\/","title":{"rendered":"Niersbr\u00fccke auf der K5 zwischen Korschenbroich und M\u00f6nchengladbach wieder f\u00fcr den Verkehr freigegeben"},"content":{"rendered":"<p>                                    Niersbr\u00fccke auf der K5 zwischen Korschenbroich und M\u00f6nchengladbach wieder f\u00fcr den Verkehr freigegeben<\/p>\n<p>\n                                            Stra\u00dfenverkehr<br \/>\n                                            | 10.09.2025\n                                        <\/p>\n<p>Die Sperrung der Br\u00fccke \u00fcber die Niers auf der K5 (Myllendonker Stra\u00dfe) ist aufgehoben. Die Br\u00fccke zwischen Korschenbroich und M\u00f6nchengladbach ist damit wieder f\u00fcr den Verkehr freigegeben. Darauf weist das Tiefbauamt des Rhein-Kreises Neuss hin. Der infolge des Starkregens gestiegenen Wasserstand der Niers hatte am Dienstag, 9. September, eine vor\u00fcbergehende Sperrung der Br\u00fccke erforderlich gemacht.<\/p>\n","protected":false},"excerpt":{"rendered":"Niersbr\u00fccke auf der K5 zwischen Korschenbroich und M\u00f6nchengladbach wieder f\u00fcr den Verkehr freigegeben Stra\u00dfenverkehr | 10.09.2025 Die Sperrung&hellip;\n","protected":false},"author":2,"featured_media":411364,"comment_status":"","ping_status":"","sticky":false,"template":"","format":"standard","meta":{"footnotes":""},"categories":[1849],"tags":[3364,29,548,663,3934,30,13,4455,14,15,1209,12],"class_list":{"0":"post-411363","1":"post","2":"type-post","3":"status-publish","4":"format-standard","5":"has-post-thumbnail","7":"category-moenchengladbach","8":"tag-de","9":"tag-deutschland","10":"tag-eu","11":"tag-europa","12":"tag-europe","13":"tag-germany","14":"tag-headlines","15":"tag-moenchengladbach","16":"tag-nachrichten","17":"tag-news","18":"tag-nordrhein-westfalen","19":"tag-schlagzeilen"},"share_on_mastodon":{"url":"https:\/\/pubeurope.com\/@de\/115179395992773375","error":""},"_links":{"self":[{"href":"https:\/\/www.europesays.com\/de\/wp-json\/wp\/v2\/posts\/411363","targetHints":{"allow":["GET"]}}],"collection":[{"href":"https:\/\/www.europesays.com\/de\/wp-json\/wp\/v2\/posts"}],"about":[{"href":"https:\/\/www.europesays.com\/de\/wp-json\/wp\/v2\/types\/post"}],"author":[{"embeddable":true,"href":"https:\/\/www.europesays.com\/de\/wp-json\/wp\/v2\/users\/2"}],"replies":[{"embeddable":true,"href":"https:\/\/www.europesays.com\/de\/wp-json\/wp\/v2\/comments?post=411363"}],"version-history":[{"count":0,"href":"https:\/\/www.europesays.com\/de\/wp-json\/wp\/v2\/posts\/411363\/revisions"}],"wp:featuredmedia":[{"embeddable":true,"href":"https:\/\/www.europesays.com\/de\/wp-json\/wp\/v2\/media\/411364"}],"wp:attachment":[{"href":"https:\/\/www.europesays.com\/de\/wp-json\/wp\/v2\/media?parent=411363"}],"wp:term":[{"taxonomy":"category","embeddable":true,"href":"https:\/\/www.europesays.com\/de\/wp-json\/wp\/v2\/categories?post=411363"},{"taxonomy":"post_tag","embeddable":true,"href":"https:\/\/www.europesays.com\/de\/wp-json\/wp\/v2\/tags?post=411363"}],"curies":[{"name":"wp","href":"https:\/\/api.w.org\/{rel}","templated":true}]}}