{"id":411390,"date":"2025-09-10T10:07:52","date_gmt":"2025-09-10T10:07:52","guid":{"rendered":"https:\/\/www.europesays.com\/de\/411390\/"},"modified":"2025-09-10T10:07:52","modified_gmt":"2025-09-10T10:07:52","slug":"der-mint-spuernasen-pass-in-bochum-radio-bochum","status":"publish","type":"post","link":"https:\/\/www.europesays.com\/de\/411390\/","title":{"rendered":"Der &#8222;MINT-Sp\u00fcrnasen-Pass&#8220; in Bochum &#8211; Radio Bochum"},"content":{"rendered":"<p class=\"small date article__date\">Ver\u00f6ffentlicht:\u00a0Dienstag, 09.09.2025 09:47<\/p>\n<p>In Bochum gibt es ab den Herbstferien den &#8222;MINT-Sp\u00fcrnasen-Pass&#8220;. In verschiedenen Workshops und Aktionen k\u00f6nnen Kinder Naturwissenschaften, Technik und Umweltbildung kreativ erforschen.<\/p>\n<p><img decoding=\"async\" alt=\"\" src=\"https:\/\/www.europesays.com\/de\/wp-content\/uploads\/2025\/09\/_mg_1774.jpg&#038;crop=0x124x5945x3716&#038;resize=1280x800&#038;dt=202509081846440.jpeg\" data-size=\"1280x800\"\/>\u00a9 Julia Tillmann \/ FUNKE Foto ServicesKlasse 1 bis 6<\/p>\n<p>Ab den Herbstferien bis zum Ende der Sommerferien 2026 gibt es bei uns in Bochum den &#8222;MINT-Sp\u00fcrnasen-Pass&#8220;. Mit dem l\u00e4dt das zdi-Netzwerk MINT.BOchum als Teil der Bochumer Kernaktivit\u00e4t \u201eMINT-Bildungscluster\u201c alle Erst- bis Sechstkl\u00e4ssler zu verschiedenen Workshops und Aktionen ein. In denen k\u00f6nnen sie Naturwissenschaften, Technik und Umweltbildung kreativ erforschem. Mehr Infos, auch zur Anmeldung, bekommt ihr <a href=\"https:\/\/www.mint-bochum.de\/spuernasen-infos\/\" rel=\"noopener noreferrer\" target=\"_blank\">hier<\/a>.<\/p>\n<p>Neuer Umweltpass<\/p>\n<p>Der Pass soll den Bochumer <a href=\"https:\/\/www.radiobochum.de\/artikel\/bochum-umweltbildung-leidet-unter-haushaltskuerzungen-2219009.html\" rel=\"noopener noreferrer\" target=\"_blank\">Umwelt-Sp\u00fcrnasen-Pass<\/a> ersetzen. Der wird erstmals seit 33 Jahren nicht mehr angeboten.<\/p>\n","protected":false},"excerpt":{"rendered":"Ver\u00f6ffentlicht:\u00a0Dienstag, 09.09.2025 09:47 In Bochum gibt es ab den Herbstferien den &#8222;MINT-Sp\u00fcrnasen-Pass&#8220;. In verschiedenen Workshops und Aktionen k\u00f6nnen&hellip;\n","protected":false},"author":2,"featured_media":411391,"comment_status":"","ping_status":"","sticky":false,"template":"","format":"standard","meta":{"footnotes":""},"categories":[1839],"tags":[108788,7507,3364,29,597,30,4795,26893,1209,383],"class_list":{"0":"post-411390","1":"post","2":"type-post","3":"status-publish","4":"format-standard","5":"has-post-thumbnail","7":"category-bochum","8":"tag-forschen","9":"tag-bochum","10":"tag-de","11":"tag-deutschland","12":"tag-forschung","13":"tag-germany","14":"tag-mint","15":"tag-naturwissenschaft","16":"tag-nordrhein-westfalen","17":"tag-umwelt"},"share_on_mastodon":{"url":"https:\/\/pubeurope.com\/@de\/115179454813851109","error":""},"_links":{"self":[{"href":"https:\/\/www.europesays.com\/de\/wp-json\/wp\/v2\/posts\/411390","targetHints":{"allow":["GET"]}}],"collection":[{"href":"https:\/\/www.europesays.com\/de\/wp-json\/wp\/v2\/posts"}],"about":[{"href":"https:\/\/www.europesays.com\/de\/wp-json\/wp\/v2\/types\/post"}],"author":[{"embeddable":true,"href":"https:\/\/www.europesays.com\/de\/wp-json\/wp\/v2\/users\/2"}],"replies":[{"embeddable":true,"href":"https:\/\/www.europesays.com\/de\/wp-json\/wp\/v2\/comments?post=411390"}],"version-history":[{"count":0,"href":"https:\/\/www.europesays.com\/de\/wp-json\/wp\/v2\/posts\/411390\/revisions"}],"wp:featuredmedia":[{"embeddable":true,"href":"https:\/\/www.europesays.com\/de\/wp-json\/wp\/v2\/media\/411391"}],"wp:attachment":[{"href":"https:\/\/www.europesays.com\/de\/wp-json\/wp\/v2\/media?parent=411390"}],"wp:term":[{"taxonomy":"category","embeddable":true,"href":"https:\/\/www.europesays.com\/de\/wp-json\/wp\/v2\/categories?post=411390"},{"taxonomy":"post_tag","embeddable":true,"href":"https:\/\/www.europesays.com\/de\/wp-json\/wp\/v2\/tags?post=411390"}],"curies":[{"name":"wp","href":"https:\/\/api.w.org\/{rel}","templated":true}]}}