{"id":411471,"date":"2025-09-10T10:50:10","date_gmt":"2025-09-10T10:50:10","guid":{"rendered":"https:\/\/www.europesays.com\/de\/411471\/"},"modified":"2025-09-10T10:50:10","modified_gmt":"2025-09-10T10:50:10","slug":"berliner-tiergartentunnel-inzwischen-wieder-frei","status":"publish","type":"post","link":"https:\/\/www.europesays.com\/de\/411471\/","title":{"rendered":"Berliner Tiergartentunnel inzwischen wieder frei"},"content":{"rendered":"<p class=\"tspB4l9 tspB4ma\">Berlin hat ein neues Problem. Wegen Personalmangels in der Leitstelle der Verkehrsverwaltung war der Tiergartentunnel auch am Mittwoch von 6 Uhr bis etwa 10 Uhr gesperrt. <a href=\"https:\/\/www.tagesspiegel.de\/berlin\/er-blieb-schon-montag-zu--wegen-kurzfristiger-krankmeldungen-berliner-tiergartentunnel-nach-stundenlanger-sperrung-wieder-frei-14297387.html?icid=in-text-link_14303747\" class=\"link link--internal\" data-gtm-class=\"article-text-link\" data-gtm-val=\"internal\" target=\"_blank\" rel=\"noopener\">Es war der dritte Tag in Folge.<\/a><\/p>\n<p class=\"tspB4l9\">Am Morgen hatte die Verkehrsinformationszentrale (VIZ) \u00fcber soziale Medien mitgeteilt, dass die Sperrung wie am Montag und Dienstag voraussichtlich bis 14 Uhr dauern werde. Gegen 10 Uhr teilte die VIZ mit, dass der Tunnel wieder offen ist. <\/p>\n<p class=\"tspUez\">Empfohlener redaktioneller Inhalt<\/p>\n<p> An dieser Stelle finden Sie einen von unseren Redakteuren ausgew\u00e4hlten, externen Inhalt, der den Artikel f\u00fcr Sie mit zus\u00e4tzlichen Informationen anreichert. Sie k\u00f6nnen sich hier den externen Inhalt mit einem Klick anzeigen lassen oder wieder ausblenden. <\/p>\n<p> Externen Inhalt anzeigen <\/p>\n<p class=\"tspUe5\"> Ich bin damit einverstanden, dass mir der externe Inhalt angezeigt wird. Damit k\u00f6nnen personenbezogene Daten an Drittplattformen \u00fcbermittelt werden.  Mehr Informationen dazu erhalten Sie in den Datenschutz-Einstellungen. Diese finden Sie ganz unten auf unserer Seite im Footer, sodass Sie Ihre Einstellungen jederzeit verwalten oder widerrufen k\u00f6nnen. <\/p>\n<p class=\"tspB4l9\">Am Dienstagnachmittag hatte die Verkehrsverwaltung noch angek\u00fcndigt: \u201eWir versuchen derzeit intensiv, f\u00fcr den Fall weiter andauernder Erkrankung, eine L\u00f6sung zu erarbeiten, um eine erneute Schlie\u00dfung abzuwenden.\u201c<\/p>\n<p class=\"tspB4l9\"><a href=\"https:\/\/www.tagesspiegel.de\/berlin\/tiergartentunnel-wieder-gesperrt-berlin-hat-ein-weiteres-personalproblem-14299424.html?icid=in-text-link_14303747\" class=\"link link--internal\" data-gtm-class=\"article-text-link\" data-gtm-val=\"internal\" target=\"_blank\" rel=\"noopener\">Dies war offensichtlich nicht gelungen.<\/a> Ab einer L\u00e4nge von 400 Meter ist die \u00dcberwachung des Tunnels durch eine st\u00e4ndig besetzte Leitstelle erforderlich, so ist es vorgeschrieben. Die Tunnel an den Stadtautobahnen in Berlin sind nicht betroffen, sie werden von einer anderen Leitstelle aus \u00fcberwacht.<\/p>\n<p> Mehr zu Berliner Problemen bei Tagesspiegel Plus: <a href=\"https:\/\/www.tagesspiegel.de\/berlin\/tiergartentunnel-wieder-gesperrt-berlin-hat-ein-weiteres-personalproblem-14299424.html?icid=topic-list_14303747___\" data-gtm-class=\"article-mzt-link\" class=\"tspCBmx\" target=\"_blank\" rel=\"noopener\">Tiergartentunnel erneut gesperrt Berlin hat ein weiteres Personalproblem <\/a><a href=\"https:\/\/www.tagesspiegel.de\/berlin\/hitzestau-in-der-berliner-u-bahn-wieso-haben-die-zuge-keine-klimaanlage-14175197.html?icid=topic-list_14303747___\" data-gtm-class=\"article-mzt-link\" class=\"tspCBmx\" target=\"_blank\" rel=\"noopener\">Hei\u00dfe Zeiten bei der BVG Warum die Z\u00fcge der Berliner U-Bahn keine Klimaanlage haben <\/a><a href=\"https:\/\/www.tagesspiegel.de\/berlin\/planungsdesaster-in-berlin-steglitz-gruselbahnhof-schlossstrasse-bleibt-noch-fur-jahre-eine-baustelle-14147702.html?icid=topic-list_14303747___\" data-gtm-class=\"article-mzt-link\" class=\"tspCBmx\" target=\"_blank\" rel=\"noopener\">Planungsdesaster in Berlin-Steglitz Gruselbahnhof Schlo\u00dfstra\u00dfe bleibt noch f\u00fcr Jahre eine Baustelle <\/a><\/p>\n<p class=\"tspB4l9\">Die BVG stellte die Buslinie M85 zwischen Hauptbahnhof und Potsdamer Platz ein, \u201eaufgrund einer Betriebsst\u00f6rung\u201c, wie es auf der Internetseite des Unternehmens hie\u00df. Der M41 wurde \u00fcber Stadtstra\u00dfen umgeleitet. <\/p>\n<p class=\"tspB4l9\">Der Tunnel war nach zehnj\u00e4hriger Bauzeit im M\u00e4rz 2006 er\u00f6ffnet worden, <a href=\"https:\/\/www.tagesspiegel.de\/berlin\/lehrter-stadtbahnhof-und-tiergartentunnel-sollen-ende-2005-fertig-sein-doch-im-untergrund-lauern-uberraschungen-und-verzogerungen-626947.html\" target=\"_blank\" rel=\"noopener\" class=\"link link--external\" data-gtm-class=\"article-text-link\" data-gtm-val=\"external\" aria-describedby=\"message-target-blank\">nach l\u00e4ngerer Verz\u00f6gerung wegen technischer Schwierigkeiten.<\/a><\/p>\n","protected":false},"excerpt":{"rendered":"Berlin hat ein neues Problem. Wegen Personalmangels in der Leitstelle der Verkehrsverwaltung war der Tiergartentunnel auch am Mittwoch&hellip;\n","protected":false},"author":2,"featured_media":411033,"comment_status":"","ping_status":"","sticky":false,"template":"","format":"standard","meta":{"footnotes":""},"categories":[1825],"tags":[296,29,30,525,9946,4733,601],"class_list":{"0":"post-411471","1":"post","2":"type-post","3":"status-publish","4":"format-standard","5":"has-post-thumbnail","7":"category-berlin","8":"tag-berlin","9":"tag-deutschland","10":"tag-germany","11":"tag-mitte","12":"tag-personalmangel","13":"tag-tunnel","14":"tag-verkehr"},"share_on_mastodon":{"url":"https:\/\/pubeurope.com\/@de\/115179619995381775","error":""},"_links":{"self":[{"href":"https:\/\/www.europesays.com\/de\/wp-json\/wp\/v2\/posts\/411471","targetHints":{"allow":["GET"]}}],"collection":[{"href":"https:\/\/www.europesays.com\/de\/wp-json\/wp\/v2\/posts"}],"about":[{"href":"https:\/\/www.europesays.com\/de\/wp-json\/wp\/v2\/types\/post"}],"author":[{"embeddable":true,"href":"https:\/\/www.europesays.com\/de\/wp-json\/wp\/v2\/users\/2"}],"replies":[{"embeddable":true,"href":"https:\/\/www.europesays.com\/de\/wp-json\/wp\/v2\/comments?post=411471"}],"version-history":[{"count":0,"href":"https:\/\/www.europesays.com\/de\/wp-json\/wp\/v2\/posts\/411471\/revisions"}],"wp:featuredmedia":[{"embeddable":true,"href":"https:\/\/www.europesays.com\/de\/wp-json\/wp\/v2\/media\/411033"}],"wp:attachment":[{"href":"https:\/\/www.europesays.com\/de\/wp-json\/wp\/v2\/media?parent=411471"}],"wp:term":[{"taxonomy":"category","embeddable":true,"href":"https:\/\/www.europesays.com\/de\/wp-json\/wp\/v2\/categories?post=411471"},{"taxonomy":"post_tag","embeddable":true,"href":"https:\/\/www.europesays.com\/de\/wp-json\/wp\/v2\/tags?post=411471"}],"curies":[{"name":"wp","href":"https:\/\/api.w.org\/{rel}","templated":true}]}}