{"id":411492,"date":"2025-09-10T11:02:10","date_gmt":"2025-09-10T11:02:10","guid":{"rendered":"https:\/\/www.europesays.com\/de\/411492\/"},"modified":"2025-09-10T11:02:10","modified_gmt":"2025-09-10T11:02:10","slug":"queen-bat-aerzte-koennen-sie-mich-dafuer-am-leben-halten-unterhaltung","status":"publish","type":"post","link":"https:\/\/www.europesays.com\/de\/411492\/","title":{"rendered":"Queen bat \u00c4rzte: \u201eK\u00f6nnen Sie mich daf\u00fcr am Leben halten?\u201c | Unterhaltung"},"content":{"rendered":"<p><b>Die Queen hielt sich bis zu ihrem letzten Atemzug an das Royal-Protokoll: Never explain, never complain. <\/b><\/p>\n<p>Doch hinter den Kulissen k\u00e4mpfte Elizabeth II. (\u202096) einen dramatischen Kampf gegen Knochenkrebs. Angeblich soll sie die Diagnose im Sommer 2021 bekommen haben \u2013 und dann ihre \u00c4rzte mit einem besonderen Wunsch konfrontiert haben. Die Monarchin wollte 2022 unbedingt ihr Thronjubil\u00e4um erleben.<\/p>\n<p><b>Lesen Sie mit BILDplus alles \u00fcber die bewegende Geschichte der letzten Lebensjahre der Queen und wie ihr Team hinter den Kulissen alles in Bewegung setzte, um der K\u00f6nigin ihren letzten gro\u00dfen Wunsch zu erf\u00fcllen. <\/b><\/p>\n","protected":false},"excerpt":{"rendered":"Die Queen hielt sich bis zu ihrem letzten Atemzug an das Royal-Protokoll: Never explain, never complain. Doch hinter&hellip;\n","protected":false},"author":2,"featured_media":411493,"comment_status":"","ping_status":"","sticky":false,"template":"","format":"standard","meta":{"footnotes":""},"categories":[155],"tags":[13074,29,214,30,2477,1080,6301,45,215],"class_list":{"0":"post-411492","1":"post","2":"type-post","3":"status-publish","4":"format-standard","5":"has-post-thumbnail","7":"category-unterhaltung","8":"tag-buckingham-palace","9":"tag-deutschland","10":"tag-entertainment","11":"tag-germany","12":"tag-king-charles-iii","13":"tag-krebs","14":"tag-queen-elizabeth-ii","15":"tag-texttospeech","16":"tag-unterhaltung"},"share_on_mastodon":{"url":"https:\/\/pubeurope.com\/@de\/115179667186930498","error":""},"_links":{"self":[{"href":"https:\/\/www.europesays.com\/de\/wp-json\/wp\/v2\/posts\/411492","targetHints":{"allow":["GET"]}}],"collection":[{"href":"https:\/\/www.europesays.com\/de\/wp-json\/wp\/v2\/posts"}],"about":[{"href":"https:\/\/www.europesays.com\/de\/wp-json\/wp\/v2\/types\/post"}],"author":[{"embeddable":true,"href":"https:\/\/www.europesays.com\/de\/wp-json\/wp\/v2\/users\/2"}],"replies":[{"embeddable":true,"href":"https:\/\/www.europesays.com\/de\/wp-json\/wp\/v2\/comments?post=411492"}],"version-history":[{"count":0,"href":"https:\/\/www.europesays.com\/de\/wp-json\/wp\/v2\/posts\/411492\/revisions"}],"wp:featuredmedia":[{"embeddable":true,"href":"https:\/\/www.europesays.com\/de\/wp-json\/wp\/v2\/media\/411493"}],"wp:attachment":[{"href":"https:\/\/www.europesays.com\/de\/wp-json\/wp\/v2\/media?parent=411492"}],"wp:term":[{"taxonomy":"category","embeddable":true,"href":"https:\/\/www.europesays.com\/de\/wp-json\/wp\/v2\/categories?post=411492"},{"taxonomy":"post_tag","embeddable":true,"href":"https:\/\/www.europesays.com\/de\/wp-json\/wp\/v2\/tags?post=411492"}],"curies":[{"name":"wp","href":"https:\/\/api.w.org\/{rel}","templated":true}]}}