{"id":411530,"date":"2025-09-10T11:22:12","date_gmt":"2025-09-10T11:22:12","guid":{"rendered":"https:\/\/www.europesays.com\/de\/411530\/"},"modified":"2025-09-10T11:22:12","modified_gmt":"2025-09-10T11:22:12","slug":"fotofahndung-die-polizei-bittet-um-hilfe-bei-der-suche-nach-vermisster-bielefelderin","status":"publish","type":"post","link":"https:\/\/www.europesays.com\/de\/411530\/","title":{"rendered":"Fotofahndung: Die Polizei bittet um Hilfe bei der Suche nach vermisster Bielefelderin"},"content":{"rendered":"<p>        <a href=\"https:\/\/www.nw.de\/_em_daten\/_cache\/image\/1xaEJreDJNN3FqcVJuMTR3MjNzU0ltMktVQWl4d25LUE1NSEJQMGpTMENRWG1LTlpmVldaZ2IxK2c5dzlJYW9YV1pMVUlPelE0UFZhTXJvdTROVmNzOXc9PQ\/250910-1239-647838381.jpg\" class=\"nw-article-image\" title=\"Die Polizei sucht derzeit nach Renate Vera Hilker (86).\" data-glightbox=\"type: image; description: Die Polizei sucht derzeit nach Renate Vera Hilker (86).  | \u00a9 Polizei \" rel=\"nofollow noopener\" target=\"_blank\"><br \/>\n            <img decoding=\"async\" src=\"https:\/\/www.europesays.com\/de\/wp-content\/uploads\/2025\/09\/250910-1239-647838381.jpg\" class=\"nw-img-fluid nw-w-full nw-lazy nw-rounded-t-md\" alt=\"Die Polizei sucht derzeit nach Renate Vera Hilker (86). - \u00a9 Polizei\" data-format=\"16:9\"\/><br \/>\n        <\/a><\/p>\n<p>                Die Polizei sucht derzeit nach Renate Vera Hilker (86).<br \/>\n                                    | \u00a9 Polizei<\/p>\n<p id=\"absatz1\" class=\"em_text\">Bielefeld. Seit dem Mittwochmorgen, 10. September, sucht die Polizei nach einer vermissten Bielefelderin. Wie die Beh\u00f6rde mitteilte, war die 86-j\u00e4hrige Renate Vera Hilker zuletzt im Kl\u00f6sterchen, dem St.-Franziskus-Hospital an der Stapenhorststra\u00dfe gesehen worden. Seitdem ist sie verschwunden.<\/p>\n<p id=\"absatz2\" class=\"em_text\">Nach Angaben der Polizei hatte die Frau das Krankenhaus an der Stapenhorststra\u00dfe gegen 8 Uhr verlassen. \u201eRenate Hilker ist an Demenz erkrankt und wahrscheinlich orientierungslos in der Stadt unterwegs\u201c, hei\u00dft es von der Polizei.<\/p>\n<p id=\"absatz4\" class=\"em_text\">Die Seniorin ist 1,60 Meter gro\u00df, schlank und hat graue, l\u00e4ngere Haare. Sie tr\u00e4gt eine dunkle Strickjacke und helle Hosen. Au\u00dferdem f\u00fchrt sie einen Gehstock mit sich, hat vermutlich ein Schl\u00fcsselband um den Hals h\u00e4ngen und eine Handtasche bei sich.<\/p>\n<p id=\"absatz5\" class=\"em_text\">Hinweise zum Aufenthaltsort der Vermissten gehen an das Kriminalkommissariat 11 der Polizei unter Tel. 0521 5450. <\/p>\n","protected":false},"excerpt":{"rendered":"Die Polizei sucht derzeit nach Renate Vera Hilker (86). | \u00a9 Polizei Bielefeld. Seit dem Mittwochmorgen, 10. September,&hellip;\n","protected":false},"author":2,"featured_media":411531,"comment_status":"","ping_status":"","sticky":false,"template":"","format":"standard","meta":{"footnotes":"","_share_on_mastodon":"0"},"categories":[1841],"tags":[1605,102404,3364,29,7550,30,36033,93711,983,16392,1611,729,1608,734,736,16384,1613,1209,121,16722,108815,22407],"class_list":["post-411530","post","type-post","status-publish","format-standard","has-post-thumbnail","category-bielefeld","tag-bielefeld","tag-cnt_top-artikel","tag-de","tag-deutschland","tag-fotofahndung","tag-germany","tag-hilferuf","tag-klsterchen","tag-kripo","tag-label_blaulicht","tag-label_informiere-mich","tag-label_s-50","tag-label_top-news","tag-meta_artikelklasse_nachricht","tag-meta_copyrights_nw","tag-meta_themen_blaulicht_sicherheit","tag-meta_userneeds_informieremich","tag-nordrhein-westfalen","tag-polizei","tag-polizei-bielefeld","tag-renate-vera-hilker","tag-vermisste"],"share_on_mastodon":{"url":"https:\/\/pubeurope.com\/@de\/115179745840143791","error":""},"_links":{"self":[{"href":"https:\/\/www.europesays.com\/de\/wp-json\/wp\/v2\/posts\/411530","targetHints":{"allow":["GET"]}}],"collection":[{"href":"https:\/\/www.europesays.com\/de\/wp-json\/wp\/v2\/posts"}],"about":[{"href":"https:\/\/www.europesays.com\/de\/wp-json\/wp\/v2\/types\/post"}],"author":[{"embeddable":true,"href":"https:\/\/www.europesays.com\/de\/wp-json\/wp\/v2\/users\/2"}],"replies":[{"embeddable":true,"href":"https:\/\/www.europesays.com\/de\/wp-json\/wp\/v2\/comments?post=411530"}],"version-history":[{"count":0,"href":"https:\/\/www.europesays.com\/de\/wp-json\/wp\/v2\/posts\/411530\/revisions"}],"wp:featuredmedia":[{"embeddable":true,"href":"https:\/\/www.europesays.com\/de\/wp-json\/wp\/v2\/media\/411531"}],"wp:attachment":[{"href":"https:\/\/www.europesays.com\/de\/wp-json\/wp\/v2\/media?parent=411530"}],"wp:term":[{"taxonomy":"category","embeddable":true,"href":"https:\/\/www.europesays.com\/de\/wp-json\/wp\/v2\/categories?post=411530"},{"taxonomy":"post_tag","embeddable":true,"href":"https:\/\/www.europesays.com\/de\/wp-json\/wp\/v2\/tags?post=411530"}],"curies":[{"name":"wp","href":"https:\/\/api.w.org\/{rel}","templated":true}]}}