{"id":411578,"date":"2025-09-10T11:48:15","date_gmt":"2025-09-10T11:48:15","guid":{"rendered":"https:\/\/www.europesays.com\/de\/411578\/"},"modified":"2025-09-10T11:48:15","modified_gmt":"2025-09-10T11:48:15","slug":"ersatzverkehr-auf-linien-rs-30-und-rs-3-wegen-bauarbeiten","status":"publish","type":"post","link":"https:\/\/www.europesays.com\/de\/411578\/","title":{"rendered":"Ersatzverkehr auf Linien RS 30 und RS 3 wegen Bauarbeiten"},"content":{"rendered":"<p>In den n\u00e4chsten drei Wochen m\u00fcssen Fahrg\u00e4ste zwischen Bremen, Oldenburg und Bad Zwischenahn aufgrund von Bauarbeiten auf Busse umsteigen. Diese ersetzen zeitweise die Z\u00fcge der Linien RS 30 und RS 3. <\/p>\n<p>Um diesen Artikel zu lesen, schlie\u00dfen Sie eines unserer Angebote ab oder loggen sich als Abonnent ein. Alle Inhalte auf NWZonline und in der NWZ-Nachrichten-App stehen Ihnen dann uneingeschr\u00e4nkt zur Verf\u00fcgung.<\/p>\n<p>    Ammerland\/Oldenburg &#8211;<br \/>\nEinschr\u00e4nkungen im regionalen Zugverkehr: In den kommenden drei Wochen m\u00fcssen Bahnreisende im Nordwesten zwischen Bremen, Oldenburg und Bad Zwischenahn zu bestimmten Zeiten auf einen Schienenersatzverkehr (SEV) mit Bussen ausweichen. Darauf macht die Nordwestbahn in einer Pressemitteilung aufmerksam.\n<\/p>\n<p>Einige Zugverbindungen der Linie RS 30 werden montags bis freitags in den Nachmittags- und Abendstunden in der Zeit von Dienstag, 16. September, bis Donnerstag, 2. Oktober, zwischen Bad Zwischenahn und Oldenburg Hauptbahnhof durch einen Ersatzverkehr mit Bussen bedient, teilt die Nordwestbahn mit.<\/p>\n<p>Zudem werden einige Zugverbindungen der Linie RS 3 auch in den fr\u00fchen Morgen-, sp\u00e4ten Abend- und Nachtstunden von Mittwoch, 17. September, bis Donnerstag, 18. September, von Dienstag, 23. September, bis Mittwoch, 24. September, von Samstag, 27. September, bis Sonntag, 28. September, sowie am Montag, 6. Oktober, auf verschiedenen Streckenabschnitten zwischen Bad Zwischenahn und Bremen Hauptbahnhof ebenfalls durch einen Ersatzverkehr mit Bussen bedient.<\/p>\n<p>Grund f\u00fcr die Einschr\u00e4nkungen seien zum einen Umleitungsverkehre der Deutschen Bahn und zum anderen Instandhaltungsarbeiten an der Infrastruktur und Strecke, teilt die Nordwestbahn in diesem Zusammenhang weiter mit.<\/p>\n<p>Die Fahrg\u00e4ste der Linien RS 30 und R 3 werden gebeten, die ver\u00e4nderten Fahrzeiten bei ihrer Reiseplanung zu beachten. Die Mitnahme von Fahrr\u00e4dern sei in den SEV-Bussen nicht m\u00f6glich, so die Nordwestbahn.<\/p>\n<p>\n    Weitere Details zu den \u00c4nderungen auf den beiden Linien sind im Ersatzfahrplan unter <a rel=\"noopener sponsored\" target=\"_blank\" href=\"https:\/\/www.regiosbahn.de\" class=\"external\">regiosbahn.de<\/a> zu finden und in den digitalen Auskunftsmedien wie zum Beispiel <a rel=\"noopener sponsored\" target=\"_blank\" href=\"https:\/\/www.bahn.de\" class=\"external\">bahn.de<\/a> und <a rel=\"noopener sponsored\" target=\"_blank\" href=\"https:\/\/www.fahrplaner.de\" class=\"external\">fahrplaner.de<\/a> einsehbar.\n<\/p>\n<p>        <img decoding=\"async\" class=\"profile\" src=\"&#10;    &#10;&#10;&#10;        &#10;&#10;&#10;&#10;&#10;&#10;                    &#10;            &#10;&#10;&#10;&#10;                https:\/\/imgneu.nwzonline.de\/image\/027d-170d3da499a0-691f7257e69c-1000\/414,1-1,med,50,50,1_278_278_150_150_0.539023_0_0_0.539023_0_-59.75576\/image.webp&#10;&#10;\" alt=\"Frank Jacob\"\/><\/p>\n","protected":false},"excerpt":{"rendered":"In den n\u00e4chsten drei Wochen m\u00fcssen Fahrg\u00e4ste zwischen Bremen, Oldenburg und Bad Zwischenahn aufgrund von Bauarbeiten auf Busse&hellip;\n","protected":false},"author":2,"featured_media":411579,"comment_status":"","ping_status":"","sticky":false,"template":"","format":"standard","meta":{"footnotes":""},"categories":[1824],"tags":[2420,3364,29,30],"class_list":{"0":"post-411578","1":"post","2":"type-post","3":"status-publish","4":"format-standard","5":"has-post-thumbnail","7":"category-bremen","8":"tag-bremen","9":"tag-de","10":"tag-deutschland","11":"tag-germany"},"share_on_mastodon":{"url":"https:\/\/pubeurope.com\/@de\/115179848126919112","error":""},"_links":{"self":[{"href":"https:\/\/www.europesays.com\/de\/wp-json\/wp\/v2\/posts\/411578","targetHints":{"allow":["GET"]}}],"collection":[{"href":"https:\/\/www.europesays.com\/de\/wp-json\/wp\/v2\/posts"}],"about":[{"href":"https:\/\/www.europesays.com\/de\/wp-json\/wp\/v2\/types\/post"}],"author":[{"embeddable":true,"href":"https:\/\/www.europesays.com\/de\/wp-json\/wp\/v2\/users\/2"}],"replies":[{"embeddable":true,"href":"https:\/\/www.europesays.com\/de\/wp-json\/wp\/v2\/comments?post=411578"}],"version-history":[{"count":0,"href":"https:\/\/www.europesays.com\/de\/wp-json\/wp\/v2\/posts\/411578\/revisions"}],"wp:featuredmedia":[{"embeddable":true,"href":"https:\/\/www.europesays.com\/de\/wp-json\/wp\/v2\/media\/411579"}],"wp:attachment":[{"href":"https:\/\/www.europesays.com\/de\/wp-json\/wp\/v2\/media?parent=411578"}],"wp:term":[{"taxonomy":"category","embeddable":true,"href":"https:\/\/www.europesays.com\/de\/wp-json\/wp\/v2\/categories?post=411578"},{"taxonomy":"post_tag","embeddable":true,"href":"https:\/\/www.europesays.com\/de\/wp-json\/wp\/v2\/tags?post=411578"}],"curies":[{"name":"wp","href":"https:\/\/api.w.org\/{rel}","templated":true}]}}