{"id":411584,"date":"2025-09-10T11:51:10","date_gmt":"2025-09-10T11:51:10","guid":{"rendered":"https:\/\/www.europesays.com\/de\/411584\/"},"modified":"2025-09-10T11:51:10","modified_gmt":"2025-09-10T11:51:10","slug":"essen-frohnhausen-kellerbrand-in-wohngebaeude-schnell-geloescht-regional","status":"publish","type":"post","link":"https:\/\/www.europesays.com\/de\/411584\/","title":{"rendered":"Essen-Frohnhausen: Kellerbrand in Wohngeb\u00e4ude schnell gel\u00f6scht | Regional"},"content":{"rendered":"<p>Essen-Frohnhausen, 10.09.2025 \u2013 <b>Am fr\u00fchen Mittwochmorgen bricht ein Feuer im Keller eines Wohn- und Gesch\u00e4ftsgeb\u00e4udes aus.<\/b><\/p>\n<p>Die Feuerwehr Essen r\u00fcckt um 5.37 Uhr zur K\u00f6lner Stra\u00dfe aus. Dichter Rauch dringt aus den Kellersch\u00e4chten. Ein Supermarkt im Erdgeschoss und Wohnungen dar\u00fcber sind betroffen. Der Treppenraum ist komplett verraucht, Bewohner stehen an Fenstern und auf Laubeng\u00e4ngen.<\/p>\n<p>Auch interessant<\/p>\n<p>Anzeige<\/p>\n<p>Auch interessant<\/p>\n<p>Anzeige<\/p>\n<p>Schnelle Rettungsma\u00dfnahmen folgen: 14 Personen werden auf der R\u00fcckseite mit Leitern in Sicherheit gebracht, 25 weitere mit einer Drehleiter auf der Vorderseite. Insgesamt sind rund 40 Menschen betroffen, doch gl\u00fccklicherweise wird niemand verletzt. Alle betroffenen Bewohner werden durch den Rettungsdienst untersucht, und ihre Betreuung wird in enger Zusammenarbeit mit den Hilfsorganisationen sichergestellt.<\/p>\n<p>Das Feuer im Keller ist schnell gel\u00f6scht. Um 6.30 Uhr hei\u00dft es \u201eFeuer aus\u201c. Der Strom im Geb\u00e4ude muss abgeschaltet werden, Bewohner k\u00f6nnen nicht in ihre Wohnungen zur\u00fcck. Das Sozialamt und die Feuerwehr organisieren eine vor\u00fcbergehende Unterbringung. Ein Linienbus bietet erste Zuflucht.<\/p>\n<p>Ein Elektrofachbetrieb wird beauftragt, die Stromversorgung wiederherzustellen. Am sp\u00e4ten Morgen kehren die Bewohner in ihre Wohnungen zur\u00fcck.<\/p>\n<p>Die Anfahrt der Einsatzkr\u00e4fte wird durch parkende Fahrzeuge behindert. Die Feuerwehr betont die Wichtigkeit freier Rettungswege.<\/p>\n<p>Der Einsatz dauert vier Stunden. Vor Ort sind zwei L\u00f6schz\u00fcge der Berufsfeuerwehr, die Freiwillige Feuerwehr Essen-Borbeck, der Rettungsdienst und eine Betreuungseinheit der Hilfsorganisationen.<\/p>\n<p>Dieser Text basiert auf einer offiziellen Beh\u00f6rden-Information und wurde mit Hilfe von KI erstellt.<\/p>\n","protected":false},"excerpt":{"rendered":"Essen-Frohnhausen, 10.09.2025 \u2013 Am fr\u00fchen Mittwochmorgen bricht ein Feuer im Keller eines Wohn- und Gesch\u00e4ftsgeb\u00e4udes aus. Die Feuerwehr&hellip;\n","protected":false},"author":2,"featured_media":411585,"comment_status":"","ping_status":"","sticky":false,"template":"","format":"standard","meta":{"footnotes":""},"categories":[1834],"tags":[3364,29,3688,985,30,2509,1209,121,45],"class_list":{"0":"post-411584","1":"post","2":"type-post","3":"status-publish","4":"format-standard","5":"has-post-thumbnail","7":"category-essen","8":"tag-de","9":"tag-deutschland","10":"tag-essen","11":"tag-feuerwehr","12":"tag-germany","13":"tag-ki-ots","14":"tag-nordrhein-westfalen","15":"tag-polizei","16":"tag-texttospeech"},"share_on_mastodon":{"url":"https:\/\/pubeurope.com\/@de\/115179859811269312","error":""},"_links":{"self":[{"href":"https:\/\/www.europesays.com\/de\/wp-json\/wp\/v2\/posts\/411584","targetHints":{"allow":["GET"]}}],"collection":[{"href":"https:\/\/www.europesays.com\/de\/wp-json\/wp\/v2\/posts"}],"about":[{"href":"https:\/\/www.europesays.com\/de\/wp-json\/wp\/v2\/types\/post"}],"author":[{"embeddable":true,"href":"https:\/\/www.europesays.com\/de\/wp-json\/wp\/v2\/users\/2"}],"replies":[{"embeddable":true,"href":"https:\/\/www.europesays.com\/de\/wp-json\/wp\/v2\/comments?post=411584"}],"version-history":[{"count":0,"href":"https:\/\/www.europesays.com\/de\/wp-json\/wp\/v2\/posts\/411584\/revisions"}],"wp:featuredmedia":[{"embeddable":true,"href":"https:\/\/www.europesays.com\/de\/wp-json\/wp\/v2\/media\/411585"}],"wp:attachment":[{"href":"https:\/\/www.europesays.com\/de\/wp-json\/wp\/v2\/media?parent=411584"}],"wp:term":[{"taxonomy":"category","embeddable":true,"href":"https:\/\/www.europesays.com\/de\/wp-json\/wp\/v2\/categories?post=411584"},{"taxonomy":"post_tag","embeddable":true,"href":"https:\/\/www.europesays.com\/de\/wp-json\/wp\/v2\/tags?post=411584"}],"curies":[{"name":"wp","href":"https:\/\/api.w.org\/{rel}","templated":true}]}}