{"id":411616,"date":"2025-09-10T12:09:21","date_gmt":"2025-09-10T12:09:21","guid":{"rendered":"https:\/\/www.europesays.com\/de\/411616\/"},"modified":"2025-09-10T12:09:21","modified_gmt":"2025-09-10T12:09:21","slug":"drei-tipps-fuer-entdecker-und-kulturfreunde-in-spandau","status":"publish","type":"post","link":"https:\/\/www.europesays.com\/de\/411616\/","title":{"rendered":"Drei Tipps f\u00fcr Entdecker und Kulturfreunde in Spandau"},"content":{"rendered":"<p class=\"tspB4l9 tspB4ma\">Am Wochenende ist \u201eTag des offenen Denkmals\u201c. Und <a href=\"https:\/\/www.tagesspiegel.de\/berlin\/bezirke\/spandau\/\" target=\"_blank\" rel=\"noopener\" class=\"link link--external\" data-gtm-class=\"article-text-link\" data-gtm-val=\"external\" aria-describedby=\"message-target-blank\">in Berlin-Spandau<\/a> stehen wieder richtig gute Termine an. Hier drei Tipps, ausgew\u00e4hlt vom <strong>Spandau-Newsletter des<\/strong> Tagesspiegels (gibt\u2019s unter <a href=\"https:\/\/leute.tagesspiegel.de\/\" target=\"_blank\" rel=\"noopener\" class=\"link link--external\" data-gtm-class=\"article-text-link\" data-gtm-val=\"external\" aria-describedby=\"message-target-blank\">tagesspiegel.de\/bezirke<\/a>).<\/p>\n<p>Bezirke-Newsletter: Spandau<\/p>\n<p><img decoding=\"async\" src=\"https:\/\/www.europesays.com\/de\/wp-content\/uploads\/2025\/04\/icon-spandau.png\" alt=\"\" class=\"tspCMl8\"\/><\/p>\n<p class=\"tspCMod\"> Mehr Neuigkeiten zum Bezirk gibt es in unserem Newsletter \u2014 jede Woche per E-Mail. <\/p>\n<p> 1  Das gro\u00dfe Kulturfest im Gutspark Neukladow <\/p>\n<p class=\"tspB4l9\">Der Gutspark Neukladow mit bestem <strong>Wannsee-Panorama<\/strong> wird in den kommenden Jahren modernisiert und umgebaut. Es entsteht\u00a0<a href=\"https:\/\/www.tagesspiegel.de\/berlin\/bezirke\/galerie-gemalde-und-abrissbagger-hier-sind-die-neuen-plane-fur-den-gutspark-neukladow-13440736.html?bezuggrd=LEU&amp;utm_referrer=newsletter&amp;utm_source=leute-spandau\" target=\"_blank\" rel=\"noopener\" class=\"link link--external\" data-gtm-class=\"article-text-link\" data-gtm-val=\"external\" aria-describedby=\"message-target-blank\">eine <strong>Galerie<\/strong><\/a><strong> im Gutshaus<\/strong>, die bisher in der Zitadelle zu finden war. \u201eDie Gem\u00e4lde- und M\u00f6belsammlung aus der Gr\u00fcnderzeit\u00a0soll im Hauptgeschoss zu sehen sein\u201c, hat Spandaus Kulturstadtr\u00e4tin Carola Br\u00fcckner, SPD, <a href=\"https:\/\/www.tagesspiegel.de\/berlin\/bezirke\/galerie-gemalde-und-abrissbagger-hier-sind-die-neuen-plane-fur-den-gutspark-neukladow-13440736.html?bezuggrd=LEU&amp;utm_referrer=newsletter&amp;utm_source=leute-spandau\" target=\"_blank\" rel=\"noopener\" class=\"link link--external\" data-gtm-class=\"article-text-link\" data-gtm-val=\"external\" aria-describedby=\"message-target-blank\">mal im Tagesspiegel erz\u00e4hlt<\/a>.<\/p>\n<p><a href=\"https:\/\/www.tagesspiegel.de\/berlin\/bezirke\/galerie-gemalde-und-abrissbagger-hier-sind-die-neuen-plane-fur-den-gutspark-neukladow-13440736.html?icid=single-topic_14304710___\" data-gtm-class=\"article-mzt-link\" class=\"tspCBmx\" target=\"_blank\" rel=\"noopener\">Galerie, Gem\u00e4lde und Abrissbagger Hier sind die neuen Pl\u00e4ne f\u00fcr den Gutspark Neukladow <\/a><\/p>\n<p class=\"tspB4l9\">Die<strong> Gastro<\/strong> <a href=\"https:\/\/www.tagesspiegel.de\/berlin\/bezirke\/galerie-gemalde-und-abrissbagger-hier-sind-die-neuen-plane-fur-den-gutspark-neukladow-13440736.html?bezuggrd=LEU&amp;utm_referrer=newsletter&amp;utm_source=leute-spandau\" target=\"_blank\" rel=\"noopener\" class=\"link link--external\" data-gtm-class=\"article-text-link\" data-gtm-val=\"external\" aria-describedby=\"message-target-blank\">zieht dann aus dem Hauptgeschoss runter in den Keller<\/a>. Ein Rosengarten, ein <a href=\"https:\/\/www.tagesspiegel.de\/berlin\/bezirke\/fahrrad-baustellen-in-berlin-spandau-wir-bauen-einen-radweg-aus-cashewkernen-13011658.html?bezuggrd=LEU&amp;utm_referrer=newsletter&amp;utm_source=leute-spandau\" target=\"_blank\" rel=\"noopener\" class=\"link link--external\" data-gtm-class=\"article-text-link\" data-gtm-val=\"external\" aria-describedby=\"message-target-blank\"><strong>neuer Havelradweg<\/strong>, eine neue Rampe zum Ufer<\/a> sind k\u00fcnftig geplant. Und auch die ber\u00fchmte Rundbank, die auf Gem\u00e4lden zu sehen ist und so verlottert ist, <a href=\"https:\/\/www.tagesspiegel.de\/berlin\/bezirke\/havelradweg-rosengarten-rundbank-so-soll-der-schone-berliner-gutspark-neu-kladow-aufbluhen-11167846.html\" target=\"_blank\" rel=\"noopener\" class=\"link link--external\" data-gtm-class=\"article-text-link\" data-gtm-val=\"external\" aria-describedby=\"message-target-blank\">erh\u00e4lt einen frischen Anstrich<\/a>. <\/p>\n<p class=\"tspB4l9\">F\u00fcr den <strong>kleinen Smalltalk<\/strong>: Im Gutshaus, in dem sich heute noch das Caf\u00e9 befindet, hat einst die\u00a0<strong>Mutter von Reichskanzler Otto von Bismarck<\/strong>\u00a0gelebt. <a href=\"https:\/\/www.tagesspiegel.de\/berlin\/bezirke\/geheimtipp-mit-famosem-wannsee-blick-im-berliner-paradies-bleibt-die-kuche-kalt-12810440.html\" target=\"_blank\" rel=\"noopener\" class=\"link link--external\" data-gtm-class=\"article-text-link\" data-gtm-val=\"external\" aria-describedby=\"message-target-blank\">Restaurant-Pl\u00e4ne und der Wiederaufbau der Scheune hatten sich 2024 zerschlagen<\/a>. Ein drittes Geb\u00e4ude \u2013 die Ruine des einstigen <strong>Awo-Klubhauses<\/strong> \u2013 <a href=\"https:\/\/www.tagesspiegel.de\/berlin\/bezirke\/galerie-gemalde-und-abrissbagger-hier-sind-die-neuen-plane-fur-den-gutspark-neukladow-13440736.html?bezuggrd=LEU&amp;utm_referrer=newsletter&amp;utm_source=leute-spandau\" target=\"_blank\" rel=\"noopener\" class=\"link link--external\" data-gtm-class=\"article-text-link\" data-gtm-val=\"external\" aria-describedby=\"message-target-blank\">wird abgerissen<\/a>. <\/p>\n<p><img decoding=\"async\" src=\"https:\/\/www.europesays.com\/de\/wp-content\/uploads\/2025\/09\/1757506157_146_gutspark-neu-kladow-neukladow-berlin-spandau.jpeg\" alt=\"\" aria-labelledby=\"caption-11351278\" width=\"620\" height=\"465\" loading=\"lazy\" class=\"tspAVhx\"\/> Im Haupthaus rechts entsteht ein Kulturort. Die Gastro und WC befinden sich k\u00fcnftig im Untergeschoss. Das Haus links wird ebenfalls saniert und soll als Kunststandort dienen (\u201ekommunale Galerie\u201c). <\/p>\n<p class=\"tspAGge\"> \u00a9 Andr\u00e9 G\u00f6rke <\/p>\n<p><img decoding=\"async\" src=\"https:\/\/www.europesays.com\/de\/wp-content\/uploads\/2025\/09\/kladow-neu.jpeg\"   alt=\"\" aria-labelledby=\"caption-14304602\" width=\"440\" height=\"330\" loading=\"lazy\" class=\"tspAVhx\"\/> Das alte Awo-Casino im Gutspark steht als drittes Geb\u00e4ude ebenfalls auf dem Plateau und wird als illegaler Techno-Partyort genutzt. Der Abriss naht.   <\/p>\n<p class=\"tspAGge\"> \u00a9 Andr\u00e9 G\u00f6rke TSP <\/p>\n<p class=\"tspB4l9\">Das alles wird am Sonnabend und Sonntag, 13. und 14. September, beim gro\u00dfen Kulturfest im Gutspark erz\u00e4hlt, u.a. mit <strong>Berlins Staatssekret\u00e4r<\/strong> Stephan Machulik, Spandaus Kulturstadtr\u00e4tin Carola Br\u00fcckner, beide SPD, sowie Spandaus Kulturamtsleiter Ralf Hartmann. Sonnabend und Sonntag, dazu <strong>Konzerte, Musik, Ausstellungen, Live-Malerei<\/strong>. Details zu den Uhrzeiten: <a href=\"https:\/\/denkmaltag.berlin.de\/denkmal\/?id=6183&amp;bezuggrd=LEU&amp;utm_referrer=newsletter&amp;utm_source=leute-spandau\" target=\"_blank\" rel=\"noopener\" class=\"link link--external\" data-gtm-class=\"article-text-link\" data-gtm-val=\"external\" aria-describedby=\"message-target-blank\">denkmaltag.berlin.de<\/a><\/p>\n<p> 2  Die m\u00e4chtige Kirche im Altbaukiez <\/p>\n<p class=\"tspB4l9\">Die Kirche St. Wilhelm ist ein faszinierender<strong> Beton-Glas-Bau<\/strong> inmitten der Altbauten von Berlin-Wilhelmstadt &#8211; und ein echter Tipp f\u00fcr Freunde interessanter Architektur und Fotografie: Im Oktober wird die katholische Kirche <strong>60 Jahre alt<\/strong>. <\/p>\n<p class=\"tspB4l9\">An diesem Sonntag, 14. September, finden um 11.30 und 14.30 Uhr <strong>Kirchenf\u00fchrungen<\/strong> statt. Wo? Wei\u00dfenburger Stra\u00dfe. Mehr Infos: <a href=\"https:\/\/denkmaltag.berlin.de\/denkmal\/?id=6102&amp;bezuggrd=LEU&amp;utm_referrer=newsletter&amp;utm_source=leute-spandau\" target=\"_blank\" rel=\"noopener\" class=\"link link--external\" data-gtm-class=\"article-text-link\" data-gtm-val=\"external\" aria-describedby=\"message-target-blank\">denkmaltag.berlin.de<\/a><\/p>\n<p><img decoding=\"async\" src=\"https:\/\/www.europesays.com\/de\/wp-content\/uploads\/2025\/09\/kirche-st-wilhelm-in-berlin-spandau-wilhelmstadt-wei-enburger-stra-e-katholisch.jpeg\" alt=\"\" aria-labelledby=\"caption-14304245\" width=\"620\" height=\"465\" loading=\"lazy\" class=\"tspAVhx\"\/> Viel Beton und Glas im Altbaukiez: Die Kirche St. Wilhelm in der Wei\u00dfenburger Stra\u00dfe.   <\/p>\n<p class=\"tspAGge\"> \u00a9 Andr\u00e9 G\u00f6rke <\/p>\n<p><img decoding=\"async\" src=\"https:\/\/www.europesays.com\/de\/wp-content\/uploads\/2025\/09\/screenshot-2025-09-05-123557.jpeg\" alt=\"\" aria-labelledby=\"caption-14304221\" width=\"620\" height=\"631\" loading=\"lazy\" class=\"tspAVhx\"\/> Die erste Notiz im Tagesspiegel: hier der Originalausschnitt von der Grundsteinlegung.   <\/p>\n<p class=\"tspAGge\"> \u00a9 Andr\u00e9 G\u00f6rke <\/p>\n<p class=\"tspB4l9\">Dazu noch schnell <strong>eine kleine Entdeckung im Tagesspiegel-Archiv.<\/strong> Am 8. Dezember 1963 stand\u2019s im Berlin-Teil: \u201eHeute um 15.30 Uhr findet in Spandau, Wei\u00dfenburger Stra\u00dfe 9-11, die Grundsteinlegung f\u00fcr die neue katholische St. Wilhelm-Kirche statt. Der Bau, der nach Entw\u00fcrfen des Architekten Dipl.-Ing. Dr. Ulrich Craemer (Trier) entsteht, soll eine <strong>Kirche mit 350 Sitzpl\u00e4tzen<\/strong> sowie ein Gemeindezentrum mit Pfarrsaal, B\u00fcros, Jugendr\u00e4umen, B\u00fccherei und Wohnungen f\u00fcr die Geistlichen umfassen. Die St.-Wilhelm-Gemeinde in der Spandauer Wilhelmstadt, die 4600 Seelen z\u00e4hlt, ist seit 1952 selbst\u00e4ndig. <strong>Ihre bisherige kleine Notkirche reichte nicht mehr aus<\/strong> und musste jetzt dem Neubau weichen.\u201c <\/p>\n<p class=\"tspB4l9\">Ein gro\u00dfes Kirchweihfest ist am <strong>26. Oktober 2025<\/strong> geplant, dann mit Festgottesdienst in St. Wilhelm.<\/p>\n<p> 3  Das faszinierende Fort Hahneberg <img decoding=\"async\" src=\"https:\/\/www.europesays.com\/de\/wp-content\/uploads\/2025\/09\/berlin-fort-hahneberg-spandau-heerstrasse-zur-zeit-finden-renovierungsarbeiten-statt-die-aussichtska.jpeg\" alt=\"\" aria-labelledby=\"caption-2881897\" width=\"620\" height=\"413\" loading=\"lazy\" class=\"tspAVhx\"\/> Das Fort Hahneberg befindet sich nahe der Heerstra\u00dfe in Berlin-Staaken, etwa zehn Minuten zu Fu\u00df von der BVG-Haltestelle Hahneberg (M49, M37). <\/p>\n<p class=\"tspAGge\"> \u00a9 Tsp <\/p>\n<p class=\"tspB4l9\">Das Fort Hahneberg \u00f6ffnet noch einmal die Festung, bevor der k\u00fchle Winter naht: ein spannendes Bauwerk, eine wilde Natur, viele versteckte Orte und ganz viel Geschichte am Berliner Stadtrand. Das Fort wird<strong> <\/strong><a href=\"https:\/\/www.tagesspiegel.de\/berlin\/bezirke\/berliner-ausflugsziel-fort-hahneberg-uns-kennt-hoffentlich-noch-nicht-jeder-8688286.html?bezuggrd=LEU&amp;utm_referrer=newsletter&amp;utm_source=leute-spandau\" target=\"_blank\" rel=\"noopener\" class=\"link link--external\" data-gtm-class=\"article-text-link\" data-gtm-val=\"external\" aria-describedby=\"message-target-blank\"><strong>seit \u00fcber 30 Jahren <\/strong>von den Ehrenamtlichen um Michael Richter<\/a> (ASG Fort Hahneberg, <strong>\u00fcber 50 Leute<\/strong>) liebevoll gepflegt. Sonnabend und Sonntag, ab 13.30 Uhr. Alle Infos: <a href=\"https:\/\/denkmaltag.berlin.de\/denkmal\/?id=6166&amp;bezuggrd=LEU&amp;utm_referrer=newsletter&amp;utm_source=leute-spandau\" target=\"_blank\" rel=\"noopener\" class=\"link link--external\" data-gtm-class=\"article-text-link\" data-gtm-val=\"external\" aria-describedby=\"message-target-blank\">denkmaltag.berlin.de<\/a><\/p>\n<p class=\"tspB4l9\">Warum es im Winter nicht ge\u00f6ffnet ist? Das Fort Hahneberg dient vielen <strong>Flederm\u00e4usen als Winterschlafquartier<\/strong>. \u201eVon November bis April sind wir daher auch nur eingeschr\u00e4nkt im Fort\u201c, hatte Richter <a href=\"https:\/\/www.tagesspiegel.de\/berlin\/bezirke\/berliner-ausflugsziel-fort-hahneberg-uns-kennt-hoffentlich-noch-nicht-jeder-8688286.html?bezuggrd=LEU&amp;utm_referrer=newsletter&amp;utm_source=leute-spandau\" target=\"_blank\" rel=\"noopener\" class=\"link link--external\" data-gtm-class=\"article-text-link\" data-gtm-val=\"external\" aria-describedby=\"message-target-blank\">mal dem Tagesspiegel erz\u00e4hlt<\/a>. <\/p>\n<p><img decoding=\"async\" src=\"https:\/\/www.europesays.com\/de\/wp-content\/uploads\/2025\/09\/hahner8.jpeg\" alt=\"\" aria-labelledby=\"caption-3508591\" width=\"620\" height=\"826\" loading=\"lazy\" class=\"tspAVhx\"\/> Tipp f\u00fcr Familien im Fort Hahneberg: Unbedingt den Balkon \u00fcber der Schlucht suchen und in die Spandauer Wildnis lauschen. <\/p>\n<p class=\"tspAGge\"> \u00a9 Andr\u00e9 G\u00f6rke <\/p>\n<p class=\"tspB4l9\">Dabei nannte er auch einen <strong>sch\u00f6nen Ausflugstipp f\u00fcr Familien<\/strong>, die das Fort Hahneberg einmal erkunden m\u00f6chten: \u201eDie Aussichtsplattform!\u201c, so Richter zum Tagesspiegel. \u201eSie ragt in fast acht Meter H\u00f6he \u00fcber den rechten Graben und die Mauerreste der dortigen Grabenwehr.\u201c Daf\u00fcr muss man das Fort ein St\u00fcckchen umrunden. F\u00fchrungen <strong>bis 30. Oktober<\/strong>, 10 Euro. Mit den <strong>\u201eHalloween\u201c-F\u00fchrungen<\/strong> in der Dunkelheit endet dann die Saison. <\/p>\n<p> Noch viel mehr Spandau-Tipps <\/p>\n<p class=\"tspB4l9\">Von der <strong>Kirche in Siemensstadt <\/strong>bis zum<strong> Bauernhaus in Kladow<\/strong>: alle Termine, alle Einladungen f\u00fcr Berlin-Spandau unter <a href=\"https:\/\/denkmaltag.berlin.de\/bezirke?bid=66&amp;bezuggrd=LEU&amp;utm_referrer=newsletter&amp;utm_source=leute-spandau\" target=\"_blank\" rel=\"noopener\" class=\"link link--external\" data-gtm-class=\"article-text-link\" data-gtm-val=\"external\" aria-describedby=\"message-target-blank\">denkmaltag.berlin.de<\/a><\/p>\n<p> Lesen Sie mehr aktuelle News aus Spandau im Tagesspiegel <a href=\"https:\/\/www.tagesspiegel.de\/berlin\/bezirke\/6000-haushalte-im-dunkeln-schon-der-zweite-grosse-stromausfall-am-berliner-stadtrand-14295911.html?icid=topic-list_14304710___\" data-gtm-class=\"article-mzt-link\" class=\"tspCBmx\" target=\"_blank\" rel=\"noopener\">6000 Haushalte im Dunkeln Schon der zweite gro\u00dfe Stromausfall am Berliner Stadtrand <\/a><a href=\"https:\/\/www.tagesspiegel.de\/berlin\/bezirke\/spandau\/10-schul-news-zum-schulstart-kennen-sie-schon-diese-neue-berliner-schule-14299157.html?icid=topic-list_14304710___\" data-gtm-class=\"article-mzt-link\" class=\"tspCBmx\" target=\"_blank\" rel=\"noopener\">Zehn News zum Schulstart Kennen Sie schon diese neue Berliner Schule? <\/a><a href=\"https:\/\/www.tagesspiegel.de\/berlin\/bezirke\/spandau\/fotos-aus-dem-rettungshubschrauber-so-faszinierend-sieht-berlin-aus-der-luft-aus-14261381.html?icid=topic-list_14304710___\" data-gtm-class=\"article-mzt-link\" class=\"tspCBmx\" target=\"_blank\" rel=\"noopener\">Fotos aus dem Rettungshubschrauber So faszinierend sieht Berlin aus der Luft aus <\/a><a href=\"https:\/\/www.tagesspiegel.de\/berlin\/bezirke\/spandau\/sechs-kilometer-langer-park-am-grunen-ring-rollen-die-ersten-bagger-14274386.html?icid=topic-list_14304710___\" data-gtm-class=\"article-mzt-link\" class=\"tspCBmx\" target=\"_blank\" rel=\"noopener\">Umstrittener Park entsteht in Spandau Am \u201eGr\u00fcnen Ring\u201c rollen bald die ersten Bagger <\/a><\/p>\n<p class=\"tspB4l9\"><strong>Mehr aus Berlins Bezirken <\/strong>lesen Sie <strong>in unseren Bezirksnewslettern<\/strong>, die zu unserem digitalen Angebot<strong> Tagesspiegel Plus (T+)<\/strong> geh\u00f6ren. <strong>Bestellbar <\/strong><a href=\"https:\/\/leute.tagesspiegel.de\/\" target=\"_blank\" rel=\"noopener\" class=\"link link--external\" data-gtm-class=\"article-text-link\" data-gtm-val=\"external\" aria-describedby=\"message-target-blank\"><strong>unter diesem Link <\/strong>hier<\/a>.<\/p>\n","protected":false},"excerpt":{"rendered":"Am Wochenende ist \u201eTag des offenen Denkmals\u201c. Und in Berlin-Spandau stehen wieder richtig gute Termine an. Hier drei&hellip;\n","protected":false},"author":2,"featured_media":411617,"comment_status":"","ping_status":"","sticky":false,"template":"","format":"standard","meta":{"footnotes":""},"categories":[1825],"tags":[1941,1939,296,1937,5006,3536,29,30,27668,1940,1938,529,184],"class_list":{"0":"post-411616","1":"post","2":"type-post","3":"status-publish","4":"format-standard","5":"has-post-thumbnail","7":"category-berlin","8":"tag-aktuelle-nachrichten-aus-berlin","9":"tag-aktuelle-news-aus-berlin","10":"tag-berlin","11":"tag-berlin-news","12":"tag-bezirke","13":"tag-denkmalschutz","14":"tag-deutschland","15":"tag-germany","16":"tag-kunst-in-berlin","17":"tag-nachrichten-aus-berlin","18":"tag-news-aus-berlin","19":"tag-spandau","20":"tag-spd"},"share_on_mastodon":{"url":"https:\/\/pubeurope.com\/@de\/115179931118225044","error":""},"_links":{"self":[{"href":"https:\/\/www.europesays.com\/de\/wp-json\/wp\/v2\/posts\/411616","targetHints":{"allow":["GET"]}}],"collection":[{"href":"https:\/\/www.europesays.com\/de\/wp-json\/wp\/v2\/posts"}],"about":[{"href":"https:\/\/www.europesays.com\/de\/wp-json\/wp\/v2\/types\/post"}],"author":[{"embeddable":true,"href":"https:\/\/www.europesays.com\/de\/wp-json\/wp\/v2\/users\/2"}],"replies":[{"embeddable":true,"href":"https:\/\/www.europesays.com\/de\/wp-json\/wp\/v2\/comments?post=411616"}],"version-history":[{"count":0,"href":"https:\/\/www.europesays.com\/de\/wp-json\/wp\/v2\/posts\/411616\/revisions"}],"wp:featuredmedia":[{"embeddable":true,"href":"https:\/\/www.europesays.com\/de\/wp-json\/wp\/v2\/media\/411617"}],"wp:attachment":[{"href":"https:\/\/www.europesays.com\/de\/wp-json\/wp\/v2\/media?parent=411616"}],"wp:term":[{"taxonomy":"category","embeddable":true,"href":"https:\/\/www.europesays.com\/de\/wp-json\/wp\/v2\/categories?post=411616"},{"taxonomy":"post_tag","embeddable":true,"href":"https:\/\/www.europesays.com\/de\/wp-json\/wp\/v2\/tags?post=411616"}],"curies":[{"name":"wp","href":"https:\/\/api.w.org\/{rel}","templated":true}]}}