{"id":411741,"date":"2025-09-10T13:17:12","date_gmt":"2025-09-10T13:17:12","guid":{"rendered":"https:\/\/www.europesays.com\/de\/411741\/"},"modified":"2025-09-10T13:17:12","modified_gmt":"2025-09-10T13:17:12","slug":"zoll-razzia-auf-messegelaende-loest-aufsehen-aus","status":"publish","type":"post","link":"https:\/\/www.europesays.com\/de\/411741\/","title":{"rendered":"Zoll-Razzia auf Messegel\u00e4nde l\u00f6st Aufsehen aus"},"content":{"rendered":"<p>Schwarzarbeit-Razzia in D\u00fcsseldorf <\/p>\n<p>Hinweise auf Betrug bei mehreren Messemitarbeitern<\/p>\n<p>10.09.2025 &#8211; 14:56 UhrLesedauer: 1 Min.<\/p>\n<p><a href=\"#focus-0\" class=\"transition-colors duration-200 focus-within:text-magenta block text-current relative\" data-sctrack=\"FocusGalleryImage.Reference\"><img fetchpriority=\"high\" data-testid=\"Opener.Image\" style=\"--lqipURL:url('https:\/\/images.t-online.de\/2024\/07\/8pJ37-pG-t1b\/0x41:2048x1152\/fit-in\/150x0\/filters:blur(25)\/razzia-gegen-drogenversand-in-duesseldorf-und-duisburg-zwei-haftbefehle-vollstreckt-symbolfoto.jpg')\"   loading=\"eager\" src=\"https:\/\/www.europesays.com\/de\/wp-content\/uploads\/2025\/09\/razzia-gegen-drogenversand-in-duesseldorf-und-duisburg-zwei-haftbefehle-vollstreckt-symbolfoto.jpg\" alt=\"Zoll (Symbolbild)\" title=\"Zoll (Symbolbild)\" width=\"2048\" height=\"1152\" class=\"bg-[url:var(--lqipURL)] bg-cover bg-center flex h-full w-full max-w-full\" decoding=\"async\"\/><img style=\"--width:32;--height:32\" loading=\"lazy\" src=\"https:\/\/www.t-online.de\/s\/paper\/_next\/static\/media\/zoom-in.f7dae02f.svg\" alt=\"Vergr\u00f6\u00dfern des Bildes\" title=\"Vergr\u00f6\u00dfern des Bildes\" class=\"block h-[calc(var(--height)_\/_16_*_1rem)] w-[calc(var(--width)_\/_16_*_1rem)] max-w-none absolute bottom-8 right-8 rounded-4 bg-snow p-8\" decoding=\"async\"\/><\/a><\/p>\n<p>Zollbeamter und Einsatzfahrzeug (Symbolbild): Intensive Kontrollen auf Messegel\u00e4nde D\u00fcsseldorf enth\u00fcllen Verst\u00f6\u00dfe. (Quelle: Julian Stratenschulte\/dpa\/dpa-bilder)<\/p>\n<p class=\"font-bold text-18 leading-17\">Der Zoll kontrolliert auf dem D\u00fcsseldorfer Messegel\u00e4nde zahlreiche Arbeitnehmer. Bei mehreren Personen ergeben sich Hinweise auf m\u00f6gliche Verst\u00f6\u00dfe.<\/p>\n<p class=\"text-18 leading-17\">Die Finanzkontrolle Schwarzarbeit des Hauptzollamts hat am 2. und 3. September insgesamt 149 Besch\u00e4ftigte auf dem D\u00fcsseldorfer Messegel\u00e4nde \u00fcberpr\u00fcft. Wie das Hauptzollamt am Mittwoch mitteilte, seien Mitarbeiter aus der Reinigungs- und Sicherheitsbranche sowie der Innen- und Au\u00dfengastronomie w\u00e4hrend des laufenden Messebetriebs kontrolliert worden.<\/p>\n<p class=\"text-18 leading-17\">Bei den \u00dcberpr\u00fcfungen haben zwei Mitarbeiter des Ausl\u00e4nderamts die Z\u00f6llner unterst\u00fctzt. 15 Arbeitnehmer h\u00e4tten keine Ausweispapiere mitgef\u00fchrt, weshalb deren Identit\u00e4ten erst sp\u00e4ter gekl\u00e4rt werden konnten.<\/p>\n<p class=\"text-18 leading-17\">Gegen diese Personen seien Ordnungswidrigkeitsverfahren wegen eines Versto\u00dfes gegen die Mitf\u00fchrungspflicht von Ausweispapieren eingeleitet worden. In zwei F\u00e4llen bestehe der Verdacht auf einen m\u00f6glichen Leistungsmissbrauch, in zwei weiteren F\u00e4llen auf m\u00f6gliche Scheinselbstst\u00e4ndigkeit.<\/p>\n<p class=\"text-18 leading-17\">An die Pr\u00fcfung der Verdachtsf\u00e4lle w\u00fcrden sich Nachermittlungen anschlie\u00dfen, die noch einige Zeit in Anspruch nehmen w\u00fcrden.<\/p>\n","protected":false},"excerpt":{"rendered":"Schwarzarbeit-Razzia in D\u00fcsseldorf Hinweise auf Betrug bei mehreren Messemitarbeitern 10.09.2025 &#8211; 14:56 UhrLesedauer: 1 Min. Zollbeamter und Einsatzfahrzeug&hellip;\n","protected":false},"author":2,"featured_media":411742,"comment_status":"","ping_status":"","sticky":false,"template":"","format":"standard","meta":{"footnotes":""},"categories":[1831],"tags":[722,17161,628,1483,3364,29,3405,3046,30,3606,47,6393,2957,1209,1442,5719],"class_list":{"0":"post-411741","1":"post","2":"type-post","3":"status-publish","4":"format-standard","5":"has-post-thumbnail","7":"category-duesseldorf","8":"tag-722","9":"tag-17161","10":"tag-arbeitnehmer","11":"tag-betrug","12":"tag-de","13":"tag-deutschland","14":"tag-duesseldorf","15":"tag-einsatzfahrzeug","16":"tag-germany","17":"tag-hauptzollamt","18":"tag-messe","19":"tag-messe-duesseldorf","20":"tag-messegelaende","21":"tag-nordrhein-westfalen","22":"tag-razzia","23":"tag-schwarzarbeit"},"share_on_mastodon":{"url":"https:\/\/pubeurope.com\/@de\/115180197976865138","error":""},"_links":{"self":[{"href":"https:\/\/www.europesays.com\/de\/wp-json\/wp\/v2\/posts\/411741","targetHints":{"allow":["GET"]}}],"collection":[{"href":"https:\/\/www.europesays.com\/de\/wp-json\/wp\/v2\/posts"}],"about":[{"href":"https:\/\/www.europesays.com\/de\/wp-json\/wp\/v2\/types\/post"}],"author":[{"embeddable":true,"href":"https:\/\/www.europesays.com\/de\/wp-json\/wp\/v2\/users\/2"}],"replies":[{"embeddable":true,"href":"https:\/\/www.europesays.com\/de\/wp-json\/wp\/v2\/comments?post=411741"}],"version-history":[{"count":0,"href":"https:\/\/www.europesays.com\/de\/wp-json\/wp\/v2\/posts\/411741\/revisions"}],"wp:featuredmedia":[{"embeddable":true,"href":"https:\/\/www.europesays.com\/de\/wp-json\/wp\/v2\/media\/411742"}],"wp:attachment":[{"href":"https:\/\/www.europesays.com\/de\/wp-json\/wp\/v2\/media?parent=411741"}],"wp:term":[{"taxonomy":"category","embeddable":true,"href":"https:\/\/www.europesays.com\/de\/wp-json\/wp\/v2\/categories?post=411741"},{"taxonomy":"post_tag","embeddable":true,"href":"https:\/\/www.europesays.com\/de\/wp-json\/wp\/v2\/tags?post=411741"}],"curies":[{"name":"wp","href":"https:\/\/api.w.org\/{rel}","templated":true}]}}