{"id":411777,"date":"2025-09-10T13:35:23","date_gmt":"2025-09-10T13:35:23","guid":{"rendered":"https:\/\/www.europesays.com\/de\/411777\/"},"modified":"2025-09-10T13:35:23","modified_gmt":"2025-09-10T13:35:23","slug":"ausstellung-des-fotografen-andreas-proempler-in-roetgen","status":"publish","type":"post","link":"https:\/\/www.europesays.com\/de\/411777\/","title":{"rendered":"Ausstellung des Fotografen Andreas Pr\u00f6mpler in Roetgen"},"content":{"rendered":"<p class=\"Paragraph_root__UjMp8 Paragraph_default-lg-default__kHtfk articleParagraph\">\u00dcber 100 Fl\u00fcchtlinge leben in der Gemeinde Roetgen, und jeder dieser Menschen hat seine eigene Geschichte. 15 von ihnen hat der Roetgener Fotograf Andreas Pr\u00f6mpler jetzt in Form von Portr\u00e4ts ein individuelles Gesicht gegeben. Der 52-j\u00e4hrige in Aachen geborene und seit Jahrzehnten in Roetgen lebende Lichtbildner stellt die dabei entstandenen gro\u00dfformatigen Schwarz-wei\u00df-Aufnahmen unter dem Titel \u201eMein Weg nach Roetgen \u2013 Ein Fl\u00fcstern der Hoffnung\u201c demn\u00e4chst im B\u00fcrgersaal aus (siehe Infobox).<\/p>\n","protected":false},"excerpt":{"rendered":"\u00dcber 100 Fl\u00fcchtlinge leben in der Gemeinde Roetgen, und jeder dieser Menschen hat seine eigene Geschichte. 15 von&hellip;\n","protected":false},"author":2,"featured_media":411778,"comment_status":"","ping_status":"","sticky":false,"template":"","format":"standard","meta":{"footnotes":""},"categories":[1775],"tags":[1793,29,214,30,1794,215],"class_list":{"0":"post-411777","1":"post","2":"type-post","3":"status-publish","4":"format-standard","5":"has-post-thumbnail","7":"category-kunst-und-design","8":"tag-art-and-design","9":"tag-deutschland","10":"tag-entertainment","11":"tag-germany","12":"tag-kunst-und-design","13":"tag-unterhaltung"},"share_on_mastodon":{"url":"https:\/\/pubeurope.com\/@de\/115180268696805480","error":""},"_links":{"self":[{"href":"https:\/\/www.europesays.com\/de\/wp-json\/wp\/v2\/posts\/411777","targetHints":{"allow":["GET"]}}],"collection":[{"href":"https:\/\/www.europesays.com\/de\/wp-json\/wp\/v2\/posts"}],"about":[{"href":"https:\/\/www.europesays.com\/de\/wp-json\/wp\/v2\/types\/post"}],"author":[{"embeddable":true,"href":"https:\/\/www.europesays.com\/de\/wp-json\/wp\/v2\/users\/2"}],"replies":[{"embeddable":true,"href":"https:\/\/www.europesays.com\/de\/wp-json\/wp\/v2\/comments?post=411777"}],"version-history":[{"count":0,"href":"https:\/\/www.europesays.com\/de\/wp-json\/wp\/v2\/posts\/411777\/revisions"}],"wp:featuredmedia":[{"embeddable":true,"href":"https:\/\/www.europesays.com\/de\/wp-json\/wp\/v2\/media\/411778"}],"wp:attachment":[{"href":"https:\/\/www.europesays.com\/de\/wp-json\/wp\/v2\/media?parent=411777"}],"wp:term":[{"taxonomy":"category","embeddable":true,"href":"https:\/\/www.europesays.com\/de\/wp-json\/wp\/v2\/categories?post=411777"},{"taxonomy":"post_tag","embeddable":true,"href":"https:\/\/www.europesays.com\/de\/wp-json\/wp\/v2\/tags?post=411777"}],"curies":[{"name":"wp","href":"https:\/\/api.w.org\/{rel}","templated":true}]}}