{"id":411785,"date":"2025-09-10T13:40:18","date_gmt":"2025-09-10T13:40:18","guid":{"rendered":"https:\/\/www.europesays.com\/de\/411785\/"},"modified":"2025-09-10T13:40:18","modified_gmt":"2025-09-10T13:40:18","slug":"matt-damon-und-ben-affleck-im-netflix-thriller-der-erste-trailer-zu-the-rip-zeigen-die-hollywood-stars-als-knallharte-cops-kino-news","status":"publish","type":"post","link":"https:\/\/www.europesays.com\/de\/411785\/","title":{"rendered":"Matt Damon und Ben Affleck im Netflix-Thriller: Der erste Trailer zu &#8222;The RIP&#8220; zeigen die Hollywood-Stars als knallharte Cops &#8211; Kino News"},"content":{"rendered":"<p>Sie tun es schon wieder: Die Hollywood-Buddies Matt Damon und Ben Affleck werden einmal mehr gemeinsam in einem Film zu sehen sein. Der erste Trailer und die neuen Bilder zu \u201eThe RIP\u201c machen bereits Lust auf den kommenden Crime-Thriller von Netflix.<\/p>\n<p class=\"bo-p\">Ob als beste Kumpel in \u201e<a href=\"https:\/\/www.filmstarts.de\/kritiken\/363.html\" class=\"bo-link\" target=\"_blank\" rel=\"noopener\">Good Will Hunting<\/a>\u201c, als gefallene Racheengel in \u201e<a href=\"https:\/\/www.filmstarts.de\/kritiken\/22214.html\" class=\"bo-link\" target=\"_blank\" rel=\"noopener\">Dogma<\/a>\u201c oder zuletzt als Nike-Revolution\u00e4re in \u201e<a href=\"https:\/\/www.filmstarts.de\/kritiken\/303794.html\" class=\"bo-link\" target=\"_blank\" rel=\"noopener\">Air<\/a>\u201c \u2013 die privat eng befreundeten Hollywood-Stars <a href=\"https:\/\/www.filmstarts.de\/personen\/1192.html\" class=\"bo-link\" target=\"_blank\" rel=\"noopener\">Matt Damon<\/a> und <a href=\"https:\/\/www.filmstarts.de\/personen\/1193.html\" class=\"bo-link\" target=\"_blank\" rel=\"noopener\">Ben Affleck<\/a> lieben es, zusammen vor der Kamera zu stehen und machen auch als Produzenten regelm\u00e4\u00dfig gemeinsame Sache. In insgesamt neun Streifen war das (f\u00fcr ihr Drehbuch zu \u201eGood Will Hunting\u201c) oscargekr\u00f6nte Traumduo bisher gemeinsam zu sehen.<\/p>\n<p class=\"bo-p\">Und schon n\u00e4chstes Jahr kommt Nummer 10 hinzu, denn f\u00fcr den Crime-Thriller \u201e<a href=\"https:\/\/www.filmstarts.de\/kritiken\/1000005507.html\" class=\"bo-link\" target=\"_blank\" rel=\"noopener\">The RIP<\/a>\u201c, der 2024 noch unter dem Titel \u201eRIP\u201c angek\u00fcndigt wurde, agieren die beiden erneut Seite an Seite. Nun gibt es den Trailer und neue Bilder zum Film.<b> Au\u00dferdem wurde enth\u00fcllt, dass dieser am 16. Januar 2026 bei Netflix erscheinen wird.<\/b><\/p>\n<p>Neue Bilder zeigen Star-Cast von &#8222;The Rip&#8220;<\/p>\n<p class=\"bo-p\">In einem Gespr\u00e4ch mit dem Magazin GQ sprachen Affleck und Damon sowie Regisseur <a href=\"https:\/\/www.filmstarts.de\/personen\/73856.html\" class=\"bo-link\" target=\"_blank\" rel=\"noopener\">Joe Carnahan<\/a> (\u201eNarc\u201c, \u201eSmokin&#8216; Aces\u201c) ausf\u00fchrlicher \u00fcber \u201eThe RIP\u201c. Im Zuge dessen wurden gleich vier neue Fotos aus dem Film ver\u00f6ffentlicht, die nicht nur die beiden Hauptdarsteller zeigen, sondern auch<b> <\/b>einen <b>ersten Blick auf ihre Co-Stars <\/b><a href=\"https:\/\/www.filmstarts.de\/personen\/443053.html\" class=\"bo-link\" target=\"_blank\" rel=\"noopener\"><b>Steven Yeun<\/b><\/a><b> (\u201eThe Walking Dead\u201c), <\/b><a href=\"https:\/\/www.filmstarts.de\/personen\/97817.html\" class=\"bo-link\" target=\"_blank\" rel=\"noopener\"><b>Kyle Chandler<\/b><\/a><b> (\u201eZero Dark Thirty\u201c) und <\/b><a href=\"https:\/\/www.filmstarts.de\/personen\/596514.html\" class=\"bo-link\" target=\"_blank\" rel=\"noopener\"><b>Teyana Taylor<\/b><\/a><b> (\u201eOne Battle After Another\u201c) <\/b>erlauben:<\/p>\n<p class=\"bo-p\">Diese spielen Cops einer Drogenfahndungseinheit in Miami, die bei einer Razzia in einem verlassenen Versteck mehrere Millionen US-Dollar entdeckt. Der beachtliche Fund sorgt jedoch f\u00fcr wachsendes Misstrauen innerhalb des Teams und gegenseitige Verd\u00e4chtigungen. Als schlie\u00dflich auch noch Au\u00dfenstehende von der Sache erfahren, steuert die Situation auf eine verheerende Eskalation zu.<\/p>\n<p class=\"bo-p\"><b>Carnahan lie\u00df sich f\u00fcr sein Drehbuch zu \u201eThe RIP\u201c zum einen von einer echten Durchsuchungsaktion inspirieren, an der ein befreundeter Polizist aus Miami teilnahm.<\/b> Zum anderen aber auch von einer sehr schmerzhaften Trennung, die er durchmachte. Das Schreiben des Skripts sei f\u00fcr ihn eine Art Therapie gewesen: \u201eEs floss einfach so aus mir heraus.\u201c<\/p>\n<p class=\"bo-p\">Affleck und Damon nahmen sich des Drehbuchs an und produzierten den Film mit ihrer 2022 gegr\u00fcndeten Firma Artists Equity, die u.\u00a0a. auch f\u00fcr ihr gemeinsames Sport-Biopic \u201eAir\u201c verantwortlich zeichnete. Carnahan zeigte sich begeistert von den beiden Hollywood-Stars in ihrer Rolle als Produzenten: \u201e[Ben und Matt] sind die Cr\u00e8me de la Cr\u00e8me. Sie sind einfach unschlagbar in dem, was sie tun.\u201c<\/p>\n<p>&#8222;The RIP&#8220;: Ein Crime-Thriller der alten Schule<\/p>\n<p class=\"bo-p\">Wie es in dem Artikel von GQ hei\u00dft, <b>bekommen wir es in \u201eThe RIP\u201c mit einem Oldschool-Crime-Thriller zu tun, der Erinnerungen an die Genre-Filme der 1990er-Jahre weckt<\/b>. Dieser Aspekt reizte auch Affleck an seiner Rolle: \u201eIch interessierte mich f\u00fcr diese besondere Art von M\u00e4nnlichkeit und f\u00fchlte mich dazu hingezogen, eine Rolle zu spielen, die ich heute als unverhohlen r\u00fcckst\u00e4ndig bezeichnen w\u00fcrde.\u201c<\/p>\n<p class=\"bo-p\">Zudem sei \u201edie Idee, wer in diesem Film gut oder b\u00f6se ist, und die Art und Weise, wie Joes Drehbuch geschickt damit spielt, wahrscheinlich das Reizvollste daran\u201c, erkl\u00e4rte Affleck weiter.<\/p>\n<p class=\"bo-p\">Ob \u201eThe Rip\u201c den hohen Erwartungen gerecht wird und auch den im Vorfeld gezogenen Vergleichen zu Genre-Meisterwerken wie \u201e<a href=\"https:\/\/www.filmstarts.de\/kritiken\/14046.html\" class=\"bo-link\" target=\"_blank\" rel=\"noopener\">Heat<\/a>\u201c und \u201e<a href=\"https:\/\/www.filmstarts.de\/kritiken\/29232.html\" class=\"bo-link\" target=\"_blank\" rel=\"noopener\">Training Day<\/a>\u201c standh\u00e4lt, werden wir dann in wenigen Monaten erfahren. Nachfolgend haben wir auch noch den englischen Original-Trailer f\u00fcr euch:<\/p>\n<p class=\"bo-p\">Hinweis: Wir haben unsere Originalnachricht zu den Bildern nach der Ver\u00f6ffentlichung des ersten Trailers um diesen erg\u00e4nzt.<\/p>\n","protected":false},"excerpt":{"rendered":"Sie tun es schon wieder: Die Hollywood-Buddies Matt Damon und Ben Affleck werden einmal mehr gemeinsam in einem&hellip;\n","protected":false},"author":2,"featured_media":411786,"comment_status":"","ping_status":"","sticky":false,"template":"","format":"standard","meta":{"footnotes":""},"categories":[1771],"tags":[1778,29,214,30,95,1777,215],"class_list":{"0":"post-411785","1":"post","2":"type-post","3":"status-publish","4":"format-standard","5":"has-post-thumbnail","7":"category-kino","8":"tag-cinema","9":"tag-deutschland","10":"tag-entertainment","11":"tag-germany","12":"tag-kino","13":"tag-movie","14":"tag-unterhaltung"},"share_on_mastodon":{"url":"https:\/\/pubeurope.com\/@de\/115180288558170068","error":""},"_links":{"self":[{"href":"https:\/\/www.europesays.com\/de\/wp-json\/wp\/v2\/posts\/411785","targetHints":{"allow":["GET"]}}],"collection":[{"href":"https:\/\/www.europesays.com\/de\/wp-json\/wp\/v2\/posts"}],"about":[{"href":"https:\/\/www.europesays.com\/de\/wp-json\/wp\/v2\/types\/post"}],"author":[{"embeddable":true,"href":"https:\/\/www.europesays.com\/de\/wp-json\/wp\/v2\/users\/2"}],"replies":[{"embeddable":true,"href":"https:\/\/www.europesays.com\/de\/wp-json\/wp\/v2\/comments?post=411785"}],"version-history":[{"count":0,"href":"https:\/\/www.europesays.com\/de\/wp-json\/wp\/v2\/posts\/411785\/revisions"}],"wp:featuredmedia":[{"embeddable":true,"href":"https:\/\/www.europesays.com\/de\/wp-json\/wp\/v2\/media\/411786"}],"wp:attachment":[{"href":"https:\/\/www.europesays.com\/de\/wp-json\/wp\/v2\/media?parent=411785"}],"wp:term":[{"taxonomy":"category","embeddable":true,"href":"https:\/\/www.europesays.com\/de\/wp-json\/wp\/v2\/categories?post=411785"},{"taxonomy":"post_tag","embeddable":true,"href":"https:\/\/www.europesays.com\/de\/wp-json\/wp\/v2\/tags?post=411785"}],"curies":[{"name":"wp","href":"https:\/\/api.w.org\/{rel}","templated":true}]}}