{"id":411814,"date":"2025-09-10T13:56:11","date_gmt":"2025-09-10T13:56:11","guid":{"rendered":"https:\/\/www.europesays.com\/de\/411814\/"},"modified":"2025-09-10T13:56:11","modified_gmt":"2025-09-10T13:56:11","slug":"spitzenkoeche-der-region-setzten-ein-zeichen-osthessennews","status":"publish","type":"post","link":"https:\/\/www.europesays.com\/de\/411814\/","title":{"rendered":"Spitzenk\u00f6che der Region setzten ein Zeichen \/\/ Osthessen|News"},"content":{"rendered":"<p>        35 Jahre &#8222;Hessen \u00e0 la Carte&#8220;: Spitzenk\u00f6che der Region setzten ein Zeichen \/\/ Osthessen|News<\/p>\n<p>        <a class=\"mdl-navigation__link p2\" href=\"https:\/\/m.osthessen-news.de\/\" target=\"_blank\" rel=\"noopener\">Startseite<\/a><br \/>\n        Region<br \/>\n        <a class=\"mdl-navigation__link p2\" href=\"https:\/\/m.osthessen-news.de\/fulda\" target=\"_blank\" rel=\"noopener\">Kreis Fulda<\/a><br \/>\n        <a class=\"mdl-navigation__link p2\" href=\"https:\/\/m.osthessen-news.de\/waldhessen\" target=\"_blank\" rel=\"noopener\">Kreis HEF-ROF<\/a><br \/>\n        <a class=\"mdl-navigation__link p2\" href=\"https:\/\/m.osthessen-news.de\/vogelsberg\" target=\"_blank\" rel=\"noopener\">Vogelsbergkreis<\/a><br \/>\n        <a class=\"mdl-navigation__link p2\" href=\"https:\/\/m.osthessen-news.de\/mkk\" target=\"_blank\" rel=\"noopener\">Main-Kinzig-Kreis<\/a><br \/>\n        <a class=\"mdl-navigation__link p2\" href=\"https:\/\/m.osthessen-news.de\/rhoen\" target=\"_blank\" rel=\"noopener\">Rh\u00f6n<\/a><\/p>\n<p>        <a class=\"mdl-navigation__link p2\" href=\"https:\/\/m.osthessen-news.de\/blaulicht\" target=\"_blank\" rel=\"noopener\">Blaulicht<\/a><br \/>\n        <a class=\"mdl-navigation__link p2\" href=\"https:\/\/m.osthessen-news.de\/politik\" target=\"_blank\" rel=\"noopener\">Politik<\/a><br \/>\n        <a class=\"mdl-navigation__link p2\" href=\"https:\/\/m.osthessen-news.de\/wirtschaft\" target=\"_blank\" rel=\"noopener\">Wirtschaft<\/a><br \/>\n        <a class=\"mdl-navigation__link p2\" href=\"https:\/\/m.osthessen-news.de\/kirche\" target=\"_blank\" rel=\"noopener\">Kirche<\/a><br \/>\n        <a class=\"mdl-navigation__link p2\" href=\"https:\/\/osthessen-news.de\/landesgartenschau\" target=\"_blank\" rel=\"noopener\">Landesgartenschau<\/a><\/p>\n<p>        Sport<br \/>\n        <a class=\"mdl-navigation__link p2\" href=\"https:\/\/m.osthessen-news.de\/sport\/fussball\" target=\"_blank\" rel=\"noopener\">Fussball<\/a><br \/>\n        <a class=\"mdl-navigation__link p2\" href=\"https:\/\/m.osthessen-news.de\/sport\/tischtennis\" target=\"_blank\" rel=\"noopener\">Tischtennis<\/a><br \/>\n        <a class=\"mdl-navigation__link p2\" href=\"https:\/\/m.osthessen-news.de\/sport\/handball\" target=\"_blank\" rel=\"noopener\">Handball<\/a><\/p>\n<p>        Service<br \/>\n        <a class=\"mdl-navigation__link p2\" href=\"https:\/\/m.osthessen-news.de\/jobs\" target=\"_blank\" rel=\"noopener\">Jobs<\/a><\/p>\n<p>        <a class=\"mdl-navigation__link p2\" href=\"https:\/\/m.osthessen-news.de\/blitzer\" target=\"_blank\" rel=\"noopener\">Blitzer<\/a><\/p>\n<p>        <a class=\"mdl-navigation__link p2\" href=\"https:\/\/m.osthessen-news.de\/impressum.php\" target=\"_blank\" rel=\"noopener\">Impressum<\/a><br \/>\n        <a class=\"mdl-navigation__link p2\" href=\"https:\/\/m.osthessen-news.de\/datenschutz.php\" target=\"_blank\" rel=\"noopener\">Datenschutz<\/a><\/p>\n<p>    <img loading=\"lazy\" decoding=\"async\" src=\"https:\/\/www.europesays.com\/de\/wp-content\/uploads\/2025\/09\/1757512571_994_\" height=\"1\" width=\"1\"\/><\/p>\n<p>        Tradition trifft Genuss<\/p>\n<p>                Strahlende Gesichter bei der Urkundenverleihung im Hotel Bebras Hessischer Hof.<br \/>\n                Fotos: Marvin Myketin<\/p>\n<p>\n            10.09.2025 \/ <strong>BEBRA<\/strong> &#8211;<br \/>\n            <strong>Kulinarische Vielfalt, regionale Verbundenheit und h\u00f6chste Qualit\u00e4t: Vier nordhessische Restaurants sind erneut mit dem begehrten Qualit\u00e4tssiegel &#8222;Hessen \u00e0 la Carte&#8220; ausgezeichnet worden. Im Rahmen der Urkundenverleihung am 09. September 2025 im Hotel Bebras Hessischer Hof wurde ihr kontinuierliches Engagement f\u00fcr eine saisonale, frische und authentisch hessische K\u00fcche gew\u00fcrdigt.<\/p>\n<p>    <\/strong><\/p>\n<p>Zu den geehrten Betrieben z\u00e4hlen das  im Hotel Bebras Hessischer Hof in Bebra, der traditionsreiche Gasthof Zum Hohen Lohr in Battenhausen sowie die beiden Restaurants Hohenhaus Grill und La Vall\u00e9e Verte im Hotel Hohenhaus in Herleshausen. Alle vier H\u00e4user sind seit Jahren Teil der Kooperation und konnten auch diesmal die strengen Pr\u00fcfkriterien erf\u00fcllen.&#13;\n<\/p>\n<p>&#8222;Hessen \u00e0 la Carte&#8220; \u2013 ein kulinarisches Netzwerk&#13;<br \/>\nDie Kooperation &#8222;Hessen \u00e0 la Carte&#8220; ist die \u00e4lteste regionale Restaurantgemeinschaft Deutschlands und feiert 2025 ihr 35-j\u00e4hriges Bestehen. Sie vereint 138 Restaurants in ganz Hessen, darunter 21 in Nordhessen. Ziel ist es, die kulinarische Identit\u00e4t des Bundeslandes zu bewahren und weiterzuentwickeln. Mitgliedsbetriebe stehen f\u00fcr Regionalit\u00e4t, Saisonalit\u00e4t, hohe Qualit\u00e4t und herzliche Gastlichkeit. Jeder Betrieb wird vor der Aufnahme und anschlie\u00dfend alle drei Jahre durch externe Pr\u00fcfer bewertet.&#13;<br \/>\nWertvolle Arbeit f\u00fcr die Region&#13;<br \/>\nProjektmanagerin Annette Hannappel hob die Bedeutung der Auszeichnung hervor: &#8222;Die j\u00e4hrliche Zertifikatsverleihung ist immer ein H\u00f6hepunkt. Die ausgezeichneten Restaurants leisten einen wertvollen Beitrag zur kulinarischen Vielfalt unserer Region. Sie tragen mit ihrer erstklassigen K\u00fcche, ihrem herausragenden Service und ihrer tiefen Verbundenheit zur Heimat zum Genuss und zur Lebensqualit\u00e4t in Nordhessen bei.&#8220;&#13;<br \/>\nKulinarische Vielfalt im Detail&#13;<br \/>\nDas  im Hotel Bebras Hessischer Hof unter der Leitung von Thorsten Rehs steht f\u00fcr Hausmannskost mit feinem Twist und saisonalen H\u00f6hepunkten, die sowohl traditionell als auch modern interpretiert werden. Der Gasthof Zum Hohen Lohr im Naturpark Kellerwald-Edersee wird von Familie Luckhardt bereits in f\u00fcnfter Generation gef\u00fchrt und setzt auf Gerichte mit Zutaten aus eigener Erzeugung und der unmittelbaren Umgebung.<\/p>\n<p>Das Hotel Hohenhaus in Herleshausen darf sich gleich doppelt freuen: Im Hohenhaus Grill verbindet K\u00fcchenchef Lars Pfister Regionalit\u00e4t mit moderner Kochkunst und setzt auf Produkte aus eigenem Anbau und der Region. Das Gourmetrestaurant La Vall\u00e9e Verte, gef\u00fchrt von Peter Niemann, vereint die Aromen der Bretagne mit den kulinarischen Traditionen des Ringgaus und sorgt f\u00fcr raffinierte Geschmackserlebnisse.&#13;\n<\/p>\n<p>Jubil\u00e4um mit Stempelpass&#13;<br \/>\nZum 35-j\u00e4hrigen Bestehen h\u00e4lt die Kooperation eine besondere Aktion bereit. Im aktuellen Restaurantf\u00fchrer &#8222;Hessen \u00e0 la Carte&#8220;, der in allen Mitgliedsbetrieben erh\u00e4ltlich ist, findet sich ein Stempelpass. Wer im Jubil\u00e4umsjahr 2025 acht Restaurants besucht und sich dies best\u00e4tigen l\u00e4sst, darf sich \u00fcber eine kleine \u00dcberraschung freuen.&#13;<br \/>\nHintergrund zur Kooperation&#13;<br \/>\n&#8222;Hessen \u00e0 la Carte&#8220; wurde 1990 vom Hessischen Tourismusverband e. V. und vom Hotel- und Gastronomieverband DEHOGA Hessen e. V. ins Leben gerufen. Gef\u00f6rdert wird die Kooperation durch das Hessische Ministerium f\u00fcr Wirtschaft, Energie, Verkehr, Wohnen und l\u00e4ndlichen Raum.<br \/>\n                    Weitere Informationen und eine \u00dcbersicht aller ausgezeichneten Restaurants finden sich unter <a href=\"http:\/\/www.hessen-alacarte.de\" target=\"_blank\" rel=\"noopener\">www.hessen-alacarte.de<\/a>. (pm\/cb) +++<\/p>\n<p>    &#13;<br \/>\n&#13;<br \/>\n&#13;<br \/>\n    &#13;<br \/>\n        &#13;<\/p>\n<p>&#13;<br \/>\n            &#13;<br \/>\n                Privacy Settings&#13;<br \/>\n            &#13;\n        <\/p>\n<p>&#13;<br \/>\n    &#13;<br \/>\n&#13;<br \/>\n&#13;<br \/>\n&#13;<br \/>\n    &#13;<br \/>\n&#13;<br \/>\n&#13;<br \/>\n&#13;<br \/>\n&#13;<br \/>\n    &#13;<br \/>\n&#13;<br \/>\n&#13;<br \/>\n&#13;<br \/>\n    &#13;<br \/>\n    X<\/p>\n","protected":false},"excerpt":{"rendered":"35 Jahre &#8222;Hessen \u00e0 la Carte&#8220;: Spitzenk\u00f6che der Region setzten ein Zeichen \/\/ Osthessen|News Startseite Region Kreis Fulda&hellip;\n","protected":false},"author":2,"featured_media":411815,"comment_status":"","ping_status":"","sticky":false,"template":"","format":"standard","meta":{"footnotes":""},"categories":[1847],"tags":[3364,29,548,663,3934,30,13,2052,14,15,12,4544],"class_list":{"0":"post-411814","1":"post","2":"type-post","3":"status-publish","4":"format-standard","5":"has-post-thumbnail","7":"category-wiesbaden","8":"tag-de","9":"tag-deutschland","10":"tag-eu","11":"tag-europa","12":"tag-europe","13":"tag-germany","14":"tag-headlines","15":"tag-hessen","16":"tag-nachrichten","17":"tag-news","18":"tag-schlagzeilen","19":"tag-wiesbaden"},"share_on_mastodon":{"url":"https:\/\/pubeurope.com\/@de\/115180351435028758","error":""},"_links":{"self":[{"href":"https:\/\/www.europesays.com\/de\/wp-json\/wp\/v2\/posts\/411814","targetHints":{"allow":["GET"]}}],"collection":[{"href":"https:\/\/www.europesays.com\/de\/wp-json\/wp\/v2\/posts"}],"about":[{"href":"https:\/\/www.europesays.com\/de\/wp-json\/wp\/v2\/types\/post"}],"author":[{"embeddable":true,"href":"https:\/\/www.europesays.com\/de\/wp-json\/wp\/v2\/users\/2"}],"replies":[{"embeddable":true,"href":"https:\/\/www.europesays.com\/de\/wp-json\/wp\/v2\/comments?post=411814"}],"version-history":[{"count":0,"href":"https:\/\/www.europesays.com\/de\/wp-json\/wp\/v2\/posts\/411814\/revisions"}],"wp:featuredmedia":[{"embeddable":true,"href":"https:\/\/www.europesays.com\/de\/wp-json\/wp\/v2\/media\/411815"}],"wp:attachment":[{"href":"https:\/\/www.europesays.com\/de\/wp-json\/wp\/v2\/media?parent=411814"}],"wp:term":[{"taxonomy":"category","embeddable":true,"href":"https:\/\/www.europesays.com\/de\/wp-json\/wp\/v2\/categories?post=411814"},{"taxonomy":"post_tag","embeddable":true,"href":"https:\/\/www.europesays.com\/de\/wp-json\/wp\/v2\/tags?post=411814"}],"curies":[{"name":"wp","href":"https:\/\/api.w.org\/{rel}","templated":true}]}}