{"id":411831,"date":"2025-09-10T14:05:11","date_gmt":"2025-09-10T14:05:11","guid":{"rendered":"https:\/\/www.europesays.com\/de\/411831\/"},"modified":"2025-09-10T14:05:11","modified_gmt":"2025-09-10T14:05:11","slug":"trinkwasserbrunnen-auf-dem-wuppertaler-schusterplatz","status":"publish","type":"post","link":"https:\/\/www.europesays.com\/de\/411831\/","title":{"rendered":"Trinkwasserbrunnen auf dem Wuppertaler Schusterplatz"},"content":{"rendered":"<p class=\"text_ohne_einzug richtext text-em-55 !leading-serif mx-6 desktop:mx-0\">Der neue Brunnen ist auf Initiative des F\u00f6rdervereins Elberfelder Nordstadt entstanden. Das Geld hatte die Bezirksvertretung Elberfeld zur Verf\u00fcgung gestellt. Betrieben wird er vom WAW, der auch die Kosten tr\u00e4gt. Die Installation und Wartung hat der WAW in Zusammenarbeit mit den Wuppertaler Stadtwerken \u00fcbernommen. Brunnenpate ist der F\u00f6rderverein Elberfelder Nordstadt.<\/p>\n","protected":false},"excerpt":{"rendered":"Der neue Brunnen ist auf Initiative des F\u00f6rdervereins Elberfelder Nordstadt entstanden. Das Geld hatte die Bezirksvertretung Elberfeld zur&hellip;\n","protected":false},"author":2,"featured_media":411832,"comment_status":"","ping_status":"","sticky":false,"template":"","format":"standard","meta":{"footnotes":""},"categories":[1840],"tags":[3364,29,30,1209,4418],"class_list":{"0":"post-411831","1":"post","2":"type-post","3":"status-publish","4":"format-standard","5":"has-post-thumbnail","7":"category-wuppertal","8":"tag-de","9":"tag-deutschland","10":"tag-germany","11":"tag-nordrhein-westfalen","12":"tag-wuppertal"},"share_on_mastodon":{"url":"https:\/\/pubeurope.com\/@de\/115180386623821453","error":""},"_links":{"self":[{"href":"https:\/\/www.europesays.com\/de\/wp-json\/wp\/v2\/posts\/411831","targetHints":{"allow":["GET"]}}],"collection":[{"href":"https:\/\/www.europesays.com\/de\/wp-json\/wp\/v2\/posts"}],"about":[{"href":"https:\/\/www.europesays.com\/de\/wp-json\/wp\/v2\/types\/post"}],"author":[{"embeddable":true,"href":"https:\/\/www.europesays.com\/de\/wp-json\/wp\/v2\/users\/2"}],"replies":[{"embeddable":true,"href":"https:\/\/www.europesays.com\/de\/wp-json\/wp\/v2\/comments?post=411831"}],"version-history":[{"count":0,"href":"https:\/\/www.europesays.com\/de\/wp-json\/wp\/v2\/posts\/411831\/revisions"}],"wp:featuredmedia":[{"embeddable":true,"href":"https:\/\/www.europesays.com\/de\/wp-json\/wp\/v2\/media\/411832"}],"wp:attachment":[{"href":"https:\/\/www.europesays.com\/de\/wp-json\/wp\/v2\/media?parent=411831"}],"wp:term":[{"taxonomy":"category","embeddable":true,"href":"https:\/\/www.europesays.com\/de\/wp-json\/wp\/v2\/categories?post=411831"},{"taxonomy":"post_tag","embeddable":true,"href":"https:\/\/www.europesays.com\/de\/wp-json\/wp\/v2\/tags?post=411831"}],"curies":[{"name":"wp","href":"https:\/\/api.w.org\/{rel}","templated":true}]}}