{"id":412020,"date":"2025-09-10T15:44:11","date_gmt":"2025-09-10T15:44:11","guid":{"rendered":"https:\/\/www.europesays.com\/de\/412020\/"},"modified":"2025-09-10T15:44:11","modified_gmt":"2025-09-10T15:44:11","slug":"passanten-klingeln-jungen-aus-wohnung-in-nuernberg-mutmasslich-sexuell-missbraucht","status":"publish","type":"post","link":"https:\/\/www.europesays.com\/de\/412020\/","title":{"rendered":"Passanten klingeln Jungen aus Wohnung in N\u00fcrnberg: Mutma\u00dflich sexuell missbraucht"},"content":{"rendered":"<p class=\"em_text\"><strong>Ein Mann aus N\u00fcrnberg soll am Samstagabend ein Kind angesprochen, in seine Wohnung gelockt und dort sexuell missbraucht haben. Passanten griffen ein und alarmierten die <\/strong><strong><a href=\"https:\/\/www.mittelbayerische.de\/polizei\" target=\"_blank\" rel=\"noopener\">Polizei<\/a><\/strong><strong>. Gegen den 54-J\u00e4hrigen wurde inzwischen Haftbefehl erlassen.<\/strong><\/p>\n<p class=\"em_text\">Wie die Polizei berichtet, soll sich der mutma\u00dflich missbrauchte Grundsch\u00fcler gegen 19.30 Uhr am Spielplatz im N\u00fcrnberger Westpark aufgehalten haben. Hier sprach ihn die zun\u00e4chst unbekannte Person an und lockte ihn in seine nahegelegene Wohnung. Aufmerksame Passanten beobachteten die Situation und wurden misstrauisch. Sie folgten dem Mann und dem Jungen in kurzem Abstand zur Wohnung. Nach mehrmaligem Klingeln kam der Junge heraus und wurde von den Passanten nach Hause gebracht. Im Anschluss riefen sie die Polizei.<\/p>\n<p>Eine Streife der Polizeiinspektion N\u00fcrnberg-West nahm den mutma\u00dflichen T\u00e4ter noch am Abend vorl\u00e4ufig fest. Der Kriminaldauerdienst Mittelfranken leitete umgehend die Ermittlungen ein.<\/p>\n<p>Die bisherigen Erkenntnisse deuten laut Polizei darauf hin, dass es in der Wohnung zu einem sexuellen \u00dcbergriff auf den Jungen gekommen ist. Die Staatsanwaltschaft N\u00fcrnberg-F\u00fcrth stellte noch in der Nacht einen Haftantrag, dem ein Ermittlungsrichter zwischenzeitlich stattgab.<\/p>\n<p style=\"text-align:right;\">red\/ade<\/p>\n","protected":false},"excerpt":{"rendered":"Ein Mann aus N\u00fcrnberg soll am Samstagabend ein Kind angesprochen, in seine Wohnung gelockt und dort sexuell missbraucht&hellip;\n","protected":false},"author":2,"featured_media":412021,"comment_status":"","ping_status":"","sticky":false,"template":"","format":"standard","meta":{"footnotes":""},"categories":[1837],"tags":[772,3364,29,30,3783],"class_list":{"0":"post-412020","1":"post","2":"type-post","3":"status-publish","4":"format-standard","5":"has-post-thumbnail","7":"category-nuernberg","8":"tag-bayern","9":"tag-de","10":"tag-deutschland","11":"tag-germany","12":"tag-nuernberg"},"share_on_mastodon":{"url":"https:\/\/pubeurope.com\/@de\/115180776374605575","error":""},"_links":{"self":[{"href":"https:\/\/www.europesays.com\/de\/wp-json\/wp\/v2\/posts\/412020","targetHints":{"allow":["GET"]}}],"collection":[{"href":"https:\/\/www.europesays.com\/de\/wp-json\/wp\/v2\/posts"}],"about":[{"href":"https:\/\/www.europesays.com\/de\/wp-json\/wp\/v2\/types\/post"}],"author":[{"embeddable":true,"href":"https:\/\/www.europesays.com\/de\/wp-json\/wp\/v2\/users\/2"}],"replies":[{"embeddable":true,"href":"https:\/\/www.europesays.com\/de\/wp-json\/wp\/v2\/comments?post=412020"}],"version-history":[{"count":0,"href":"https:\/\/www.europesays.com\/de\/wp-json\/wp\/v2\/posts\/412020\/revisions"}],"wp:featuredmedia":[{"embeddable":true,"href":"https:\/\/www.europesays.com\/de\/wp-json\/wp\/v2\/media\/412021"}],"wp:attachment":[{"href":"https:\/\/www.europesays.com\/de\/wp-json\/wp\/v2\/media?parent=412020"}],"wp:term":[{"taxonomy":"category","embeddable":true,"href":"https:\/\/www.europesays.com\/de\/wp-json\/wp\/v2\/categories?post=412020"},{"taxonomy":"post_tag","embeddable":true,"href":"https:\/\/www.europesays.com\/de\/wp-json\/wp\/v2\/tags?post=412020"}],"curies":[{"name":"wp","href":"https:\/\/api.w.org\/{rel}","templated":true}]}}