{"id":412025,"date":"2025-09-10T15:47:10","date_gmt":"2025-09-10T15:47:10","guid":{"rendered":"https:\/\/www.europesays.com\/de\/412025\/"},"modified":"2025-09-10T15:47:10","modified_gmt":"2025-09-10T15:47:10","slug":"politisch-motivierte-kriminalitaet-ist-leider-normal-so-der-staatsschutzchef","status":"publish","type":"post","link":"https:\/\/www.europesays.com\/de\/412025\/","title":{"rendered":"\u201ePolitisch motivierte Kriminalit\u00e4t ist leider normal\u201c, so der Staatsschutzchef"},"content":{"rendered":"<p>Im Juli und August gab es Angriffe auf rechte und linke Personen in Dresden. Jetzt spricht der Leiter des Staatsschutzes \u00fcber den Stand der Ermittlungen \u2013 und warum diese derzeit stocken.<\/p>\n<p class=\"Textstyled__Text-sc-1cqv9mi-0 dKgfuR\">Dresden. In Dresden h\u00e4uften sich zuletzt politisch motivierte Straftaten und \u00dcbergriffe auf Menschen, die vermeintlich eine andere politische Meinung vertreten.<\/p>\n<p class=\"Textstyled__Text-sc-1cqv9mi-0 dKgfuR\">Mehrere Beispiele: In der Nacht auf den 27. Juli greifen Neonazis einen Punk in Striesen an, verpr\u00fcgeln ihn mit einer Flasche, bedrohen ihn dabei wohl auch mit dem Tod. Der 18-J\u00e4hrige muss aufgrund seiner schweren Verletzungen mehrere Tage im Krankenhaus bleiben.<\/p>\n<p>Rechtsextremer Aktivist provoziert im linken Stadtviertel<\/p>\n<p class=\"Textstyled__Text-sc-1cqv9mi-0 dKgfuR\">Am 5. August attackiert eine Gruppe sechs Frauen und M\u00e4nner auf der G\u00f6rlitzer Stra\u00dfe in der Neustadt. Die Angreifer sind maskiert, haben Schlagst\u00f6cke dabei, werfen mit Flaschen. Eine Person bedroht eine 19-J\u00e4hrige mit einer Pistole. Als die Opfer fliehen, wird ihr Opel mit Tritten und Flaschen bearbeitet. Bereits einige Stunden zuvor war ein Jugendlicher auf der Louisenstra\u00dfe geschlagen und leicht verletzt worden.<\/p>\n","protected":false},"excerpt":{"rendered":"Im Juli und August gab es Angriffe auf rechte und linke Personen in Dresden. Jetzt spricht der Leiter&hellip;\n","protected":false},"author":2,"featured_media":412026,"comment_status":"","ping_status":"","sticky":false,"template":"","format":"standard","meta":{"footnotes":""},"categories":[1835],"tags":[3364,29,2386,30,859],"class_list":{"0":"post-412025","1":"post","2":"type-post","3":"status-publish","4":"format-standard","5":"has-post-thumbnail","7":"category-dresden","8":"tag-de","9":"tag-deutschland","10":"tag-dresden","11":"tag-germany","12":"tag-sachsen"},"share_on_mastodon":{"url":"https:\/\/pubeurope.com\/@de\/115180788117633671","error":""},"_links":{"self":[{"href":"https:\/\/www.europesays.com\/de\/wp-json\/wp\/v2\/posts\/412025","targetHints":{"allow":["GET"]}}],"collection":[{"href":"https:\/\/www.europesays.com\/de\/wp-json\/wp\/v2\/posts"}],"about":[{"href":"https:\/\/www.europesays.com\/de\/wp-json\/wp\/v2\/types\/post"}],"author":[{"embeddable":true,"href":"https:\/\/www.europesays.com\/de\/wp-json\/wp\/v2\/users\/2"}],"replies":[{"embeddable":true,"href":"https:\/\/www.europesays.com\/de\/wp-json\/wp\/v2\/comments?post=412025"}],"version-history":[{"count":0,"href":"https:\/\/www.europesays.com\/de\/wp-json\/wp\/v2\/posts\/412025\/revisions"}],"wp:featuredmedia":[{"embeddable":true,"href":"https:\/\/www.europesays.com\/de\/wp-json\/wp\/v2\/media\/412026"}],"wp:attachment":[{"href":"https:\/\/www.europesays.com\/de\/wp-json\/wp\/v2\/media?parent=412025"}],"wp:term":[{"taxonomy":"category","embeddable":true,"href":"https:\/\/www.europesays.com\/de\/wp-json\/wp\/v2\/categories?post=412025"},{"taxonomy":"post_tag","embeddable":true,"href":"https:\/\/www.europesays.com\/de\/wp-json\/wp\/v2\/tags?post=412025"}],"curies":[{"name":"wp","href":"https:\/\/api.w.org\/{rel}","templated":true}]}}