{"id":412211,"date":"2025-09-10T17:26:14","date_gmt":"2025-09-10T17:26:14","guid":{"rendered":"https:\/\/www.europesays.com\/de\/412211\/"},"modified":"2025-09-10T17:26:14","modified_gmt":"2025-09-10T17:26:14","slug":"prominente-sportler-werben-fuer-veranstaltung","status":"publish","type":"post","link":"https:\/\/www.europesays.com\/de\/412211\/","title":{"rendered":"Prominente Sportler werben f\u00fcr Veranstaltung"},"content":{"rendered":"<p>Olympia-Bewerbung <\/p>\n<p>Prominente Sportler werben f\u00fcr Olympische Spiele in M\u00fcnchen<\/p>\n<p>10.09.2025 &#8211; 18:30 UhrLesedauer: 2 Min.<\/p>\n<p><a href=\"#focus-0\" class=\"transition-colors duration-200 focus-within:text-magenta block text-current relative\" data-sctrack=\"FocusGalleryImage.Reference\"><img fetchpriority=\"high\" data-testid=\"Opener.Image\" style=\"--lqipURL:url('https:\/\/images.t-online.de\/2025\/09\/XTuvFNiaWnk6\/0x192:2048x1152\/fit-in\/150x0\/filters:blur(25)\/sportler-und-politiker-machen-sich-fuer-eine-olympia-bewerbung-muenchens-stark.jpg')\"   loading=\"eager\" src=\"https:\/\/www.europesays.com\/de\/wp-content\/uploads\/2025\/09\/sportler-und-politiker-machen-sich-fuer-eine-olympia-bewerbung-muenchens-stark.jpg\" alt=\"Olympia-Bewerbung M\u00fcnchens\" title=\"Olympia-Bewerbung M\u00fcnchens\" width=\"2048\" height=\"1152\" class=\"bg-[url:var(--lqipURL)] bg-cover bg-center flex h-full w-full max-w-full\" decoding=\"async\"\/><img style=\"--width:32;--height:32\" loading=\"lazy\" src=\"https:\/\/muenchen.t-online.de\/s\/paper\/_next\/static\/media\/zoom-in.f7dae02f.svg\" alt=\"Vergr\u00f6\u00dfern des Bildes\" title=\"Vergr\u00f6\u00dfern des Bildes\" class=\"block h-[calc(var(--height)_\/_16_*_1rem)] w-[calc(var(--width)_\/_16_*_1rem)] max-w-none absolute bottom-8 right-8 rounded-4 bg-snow p-8\" decoding=\"async\"\/><\/a><\/p>\n<p>Sportler und Politiker machen sich f\u00fcr eine Olympia-Bewerbung M\u00fcnchens stark. (Quelle: Manuel Schwarz\/dpa\/dpa-bilder)<\/p>\n<p class=\"font-bold text-18 leading-17\">Uli Hoene\u00df und Felix Neureuther unterst\u00fctzen die M\u00fcnchner Olympia-Bewerbung mit deutlichen Worten. Am 26. Oktober entscheidet ein B\u00fcrgerentscheid \u00fcber die Kandidatur.<\/p>\n<p class=\"text-18 leading-17\">Prominente Sportler und Funktion\u00e4re haben am Mittwoch f\u00fcr eine Olympia-Bewerbung M\u00fcnchens geworben. Der langj\u00e4hrige Bayern-Patron Uli Hoene\u00df, selbst Olympiateilnehmer 1972 in M\u00fcnchen, forderte mehr Optimismus: &#8222;Wir brauchen Aufbruch in diesem Land. Wir brauchen eine Perspektive.&#8220; Hoene\u00df kritisierte die Gegner der Bewerbung: &#8222;Ewig dieses N\u00f6rgeln&#8230;&#8220; Er hofft auf eine erfolgreiche Kandidatur, &#8222;dass es bei uns wieder aufw\u00e4rts geht&#8220;.<\/p>\n<p class=\"text-18 leading-17\">M\u00fcnchen konkurriert mit Hamburg, Berlin und der Region Rhein-Ruhr um die deutsche Bewerbung f\u00fcr die Olympischen Spiele 2036, 2040 oder 2044. Die Entscheidung des Deutschen Olympischen Sportbunds (DOSB) steht noch aus. Zun\u00e4chst m\u00fcssen die M\u00fcnchner B\u00fcrger am 26. Oktober per Entscheid abstimmen, ob sie das Sportereignis \u00fcberhaupt ausrichten wollen.<\/p>\n<p class=\"text-18 leading-17\">Bayerns Innenminister Joachim Herrmann (CSU) betonte: &#8222;Die Olympischen und Paralympischen Spiele sind eine Riesenchance, vor allem auch f\u00fcr die n\u00e4chsten Generationen.&#8220; Mit Olympischen Spielen k\u00f6nne man das ganze Land mobilisieren.<\/p>\n<p class=\"text-18 leading-17\">Die Gegner der Bewerbung, die sich unter dem Namen &#8222;N\u00d6lympia&#8220; organisiert haben, fordern eine andere Verwendung \u00f6ffentlicher Gelder und bef\u00fcrchten steigende Mieten und Kosten durch das Gro\u00dfereignis.<\/p>\n<p class=\"text-18 leading-17\">Als Reaktion darauf pr\u00e4sentierten Hoene\u00df, Herrmann und weitere Sportler T-Shirts mit der Aufschrift &#8222;M\u00fcnchen OlympiJA&#8220;. Der ehemalige Skirennfahrer Felix Neureuther unterstrich die gesellschaftlichen Vorteile: &#8222;Olympische Spiele sind eine enorme Motivation. Das macht was mit der Gesellschaft, das macht was mit den Kindern.&#8220; Er ist \u00fcberzeugt, dass mehr Kinder Sport treiben w\u00fcrden, wenn Olympia im eigenen Land stattf\u00e4nde.<\/p>\n<p class=\"text-18 leading-17\">Neureuther r\u00e4umte ein: &#8222;Nat\u00fcrlich ist in der Vergangenheit nicht alles richtig gelaufen.&#8220; Die Winterspiele in Sotschi 2014 und Peking 2022 sowie die Sommerspiele 2016 in Rio standen wegen hoher Kosten und mangelnder Nachhaltigkeit in der Kritik. Neureuther forderte: &#8222;Aber dann m\u00fcssen wir verdammt noch mal zeigen, dass wir es besser k\u00f6nnen. Und wir k\u00f6nnen es besser, wir haben es in der Vergangenheit schon gezeigt. Wir m\u00fcssen mal wieder mutig sein.&#8220;<\/p>\n","protected":false},"excerpt":{"rendered":"Olympia-Bewerbung Prominente Sportler werben f\u00fcr Olympische Spiele in M\u00fcnchen 10.09.2025 &#8211; 18:30 UhrLesedauer: 2 Min. Sportler und Politiker&hellip;\n","protected":false},"author":2,"featured_media":412212,"comment_status":"","ping_status":"","sticky":false,"template":"","format":"standard","meta":{"footnotes":""},"categories":[1827],"tags":[722,17161,772,296,3039,29,12214,46017,30,692,51317,22589,1268,656,13025,5206,5522,2182],"class_list":{"0":"post-412211","1":"post","2":"type-post","3":"status-publish","4":"format-standard","5":"has-post-thumbnail","7":"category-muenchen","8":"tag-722","9":"tag-17161","10":"tag-bayern","11":"tag-berlin","12":"tag-buergerentscheid","13":"tag-deutschland","14":"tag-dosb","15":"tag-felix-neureuther","16":"tag-germany","17":"tag-hamburg","18":"tag-joachim-herrmann","19":"tag-kandidatur","20":"tag-muenchen","21":"tag-olympia","22":"tag-olympische-spiele","23":"tag-rhein","24":"tag-ruhr","25":"tag-uli-hoeness"},"share_on_mastodon":{"url":"https:\/\/pubeurope.com\/@de\/115181177134178612","error":""},"_links":{"self":[{"href":"https:\/\/www.europesays.com\/de\/wp-json\/wp\/v2\/posts\/412211","targetHints":{"allow":["GET"]}}],"collection":[{"href":"https:\/\/www.europesays.com\/de\/wp-json\/wp\/v2\/posts"}],"about":[{"href":"https:\/\/www.europesays.com\/de\/wp-json\/wp\/v2\/types\/post"}],"author":[{"embeddable":true,"href":"https:\/\/www.europesays.com\/de\/wp-json\/wp\/v2\/users\/2"}],"replies":[{"embeddable":true,"href":"https:\/\/www.europesays.com\/de\/wp-json\/wp\/v2\/comments?post=412211"}],"version-history":[{"count":0,"href":"https:\/\/www.europesays.com\/de\/wp-json\/wp\/v2\/posts\/412211\/revisions"}],"wp:featuredmedia":[{"embeddable":true,"href":"https:\/\/www.europesays.com\/de\/wp-json\/wp\/v2\/media\/412212"}],"wp:attachment":[{"href":"https:\/\/www.europesays.com\/de\/wp-json\/wp\/v2\/media?parent=412211"}],"wp:term":[{"taxonomy":"category","embeddable":true,"href":"https:\/\/www.europesays.com\/de\/wp-json\/wp\/v2\/categories?post=412211"},{"taxonomy":"post_tag","embeddable":true,"href":"https:\/\/www.europesays.com\/de\/wp-json\/wp\/v2\/tags?post=412211"}],"curies":[{"name":"wp","href":"https:\/\/api.w.org\/{rel}","templated":true}]}}