{"id":412527,"date":"2025-09-10T20:15:15","date_gmt":"2025-09-10T20:15:15","guid":{"rendered":"https:\/\/www.europesays.com\/de\/412527\/"},"modified":"2025-09-10T20:15:15","modified_gmt":"2025-09-10T20:15:15","slug":"weiter-20-000-haushalte-weiter-ohne-strom-erneuter-ausfall-am-mittwochabend","status":"publish","type":"post","link":"https:\/\/www.europesays.com\/de\/412527\/","title":{"rendered":"Weiter 20.000 Haushalte weiter ohne Strom \u2013 erneuter Ausfall am Mittwochabend"},"content":{"rendered":"<p class=\"tspB4l9 tspB4ma\">Nach dem extremistischen Brandanschlag auf das Berliner Stromnetz sind weiterhin Tausende von Menschen sowie viele Firmen und Gesch\u00e4fte betroffen. Am fr\u00fchen Morgen hatten immer noch 20.000 Haushalte keinen Strom.- Zwischenzeitlich wurde es besser: Laut eines Sprechers von Stromnetz Berlin hatten am sp\u00e4ten Mittwochnachmittag rund 13.700 Kunden weiter keinen Strom.  <\/p>\n<p class=\"tspB4l9\">Am Mittwochabend blieb es ab 20 Uhr in Teilen von Adlershof, Altglienicke und weiteren Ortsteilen Treptow-K\u00f6penicks jedoch erneut dunkel: In Stra\u00dfen, die bereits zuvor wieder Strom hatten, war der Strom noch einmal weg. Grund sei der \u201eAusfall einer Zwischenl\u00f6sung\u201c, hie\u00dfe es von Stromnetz Berlin. Betroffen seien etwa 6300 Haushalte, die erst in den fr\u00fchen Morgenstunden des Donnerstags wieder mit Strom versorgt werden sollen. Damit waren am Abend wieder 20.000 Haushalte ohne Strom. <\/p>\n<p class=\"tspB4l9\">Bereits zuvor hatte Stromnetz Berlin mitgeteilt, dass w\u00e4hrend der Abendstunden und der Nacht nicht damit zu rechnen sei, dass in zahlreichen weiteren Haushalten wieder das Licht eingeschaltet werden k\u00f6nne. Aber bis sp\u00e4testens Donnerstagabend sollen alle Kunden wieder mit Strom versorgt sein, betonte der Sprecher. Die Statik der Strommasten sei nicht betroffen. Dennoch: Bis der urspr\u00fcngliche Zustand vollst\u00e4ndig wiederhergestellt w\u00fcrde, k\u00f6nnten mehrere Wochen vergehen. <\/p>\n<p>Tagesspiegel Checkpoint: Berlins beliebtester Newsletter<\/p>\n<p><img decoding=\"async\" src=\"https:\/\/www.europesays.com\/de\/wp-content\/uploads\/2025\/04\/cp-icon.png\" alt=\"\" class=\"tspCMl8\"\/><\/p>\n<p class=\"tspCMod\"> Der schnellste Berlin-\u00dcberblick von Montag bis Samstag. <\/p>\n<p class=\"tspB4l9\">30.000 weitere Haushalte und Gewerbekunden waren seit Dienstagvormittag nach und nach wieder an das Stromnetz angeschlossen worden. Betroffen vom Ausfall waren auch S-Bahnh\u00f6fe, Einkaufszentren, viele einzelne Gesch\u00e4fte sowie Pflegeheime. Mehrere Schulen hatten am Mittwoch geschlossen, sollten am Donnerstag aber wieder normalen Unterricht abhalten.\u00a0<\/p>\n<blockquote class=\"tspB8mo\">\n<p>F\u00fcr uns ist das eine neue Qualit\u00e4t. Wir haben einen solchen Anschlag, so einen Brand, als Unternehmen in der Form noch nicht erlebt.<\/p>\n<\/blockquote>\n<p class=\"tspB8mp\"><strong>Henrik Beuster, <\/strong>Sprecher Stromnetz Berlin<\/p>\n<p class=\"tspB4l9\">Nach Angaben des Netzbetreibers ist der gro\u00dffl\u00e4chige Stromausfall schon jetzt der l\u00e4ngste derartige St\u00f6rfall seit mindestens 25 Jahren in der Hauptstadt. Dies sagte Pressesprecher Henrik Beuster der Nachrichtenagentur dpa. Die Dauer <a href=\"https:\/\/www.tagesspiegel.de\/berlin\/zweimal-tesla-immer-wieder-die-bahn-eine-chronik-der-brandanschlage-auf-infrastruktur-in-berlin-und-umgebung-14304143.html?icid=in-text-link_14303534\" class=\"link link--internal\" data-gtm-class=\"article-text-link\" data-gtm-val=\"internal\" target=\"_blank\" rel=\"noopener\">des letzten gro\u00dfen Blackouts 2019 in K\u00f6penick<\/a> wurde schon \u00fcbertroffen, sagte er am Nachmittag. \u201eF\u00fcr uns ist das eine neue Qualit\u00e4t. Wir haben einen solchen Anschlag, so einen Brand, als Unternehmen in der Form noch nicht erlebt.\u201c<\/p>\n<p class=\"tspB4l9\">Die meisten Superm\u00e4rkte und Einzelh\u00e4ndler im betroffenen Gebiet konnten ihre Tiefk\u00fchlware dem Handelsverband Berlin-Brandenburg (HDE) zufolge retten. \u201eSie haben daf\u00fcr gesorgt, die Ware sofort in K\u00fchllaster umzulagern\u201c, sagte Hauptgesch\u00e4ftsf\u00fchrer Nils Busch-Petersen. Diese blieben entweder neben den Gesch\u00e4ften stehen oder brachten die Lebensmittel in die Gro\u00dflager im Umland.\u00a0<\/p>\n<p class=\"tspB4l9\">In fr\u00fcheren F\u00e4llen h\u00e4tten manche Superm\u00e4rkte ihre Tiefk\u00fchlkost auch an Kunden verschenkt, sagte Busch-Petersen. Das sei dieses Mal aber nicht n\u00f6tig gewesen. Auch die finanziellen Verluste hielten sich in Grenzen. Die meisten seien f\u00fcr solche F\u00e4lle versichert.<\/p>\n<blockquote class=\"tspB8mo\">\n<p>Die durch den Brand besch\u00e4digten Leitungen sind aktuell leider nicht nutzbar.<\/p>\n<\/blockquote>\n<p class=\"tspB8mp\"><strong>Mitteilung<\/strong> von Stromnetz Berlin<\/p>\n<p class=\"tspB4l9\">Die vergangene Nacht sei ruhig verlaufen, sagte eine Polizeisprecherin am Mittwochmorgen dem Tagesspiegel auf Anfrage. Vermehrte Raub\u00fcberf\u00e4lle oder \u00e4hnliche Straftaten seien in dem vom Stromausfall betroffenen Gebiet ausgeblieben.<\/p>\n<p class=\"tspB4l9\">Auch aus Sicht der Feuerwehr ist die Nacht in Treptow-K\u00f6penick \u201eweitestgehend ruhig\u201c verlaufen. \u201eZahlreiche Einsatzkr\u00e4fte, vor allem aus den Hilfsorganisationen und den Freiwilligen Feuerwehren, sorgten f\u00fcr Sicherheit und eine st\u00e4ndige Erreichbarkeit\u201c, teilte die Feuerwehr mit. Auch am Mittwoch seien weite Teile Treptow-K\u00f6penicks noch ohne Strom. Daher k\u00f6nne es weiterhin zu Problemen im Mobilfunknetz kommen. F\u00fcr Notf\u00e4lle gebe es die extra eingerichteten Notrufannahmestellen.<\/p>\n<p> Notrufannahmestellen und Betreuungsstellen <\/p>\n<p class=\"tspB4l9\">Wie die Berliner Feuerwehr am Mittwochabend mitteilte, wurden die Standorte der Notrufannahmestellen sowie der Betreuungsstellen angepasst. Stand 18 Uhr gelten nun diese Standorte: <\/p>\n<p class=\"tspB4l9\"><strong>Notrufannahmestellen<\/strong><\/p>\n<p class=\"tspB4l9\">\u2022\tSemmelweisstra\u00dfe 83, 12524 Berlin&#13;<\/p>\n<p class=\"tspB4l9\">\u2022\tSch\u00f6nefelder Chaussee\/ Wegedornstra\u00dfe, 12524 Berlin&#13;<\/p>\n<p class=\"tspB4l9\">\u2022\tEhrenfelder Platz, 12524 Berlin&#13;<\/p>\n<p class=\"tspB4l9\">\u2022\tOberspreestra\u00dfe 37, 12493 Berlin&#13;<\/p>\n<p class=\"tspB4l9\">\u2022\tS-Bhf Spindersfeld, 12555 Berlin&#13;<\/p>\n<p class=\"tspB4l9\">\u2022\tEisenhutweg\/ Stra\u00dfe am Flugplatz, 12487 Berlin&#13;<\/p>\n<p class=\"tspB4l9\"><strong>Betreuungsstellen<\/strong><\/p>\n<p class=\"tspB4l9\">\u2022\tHans-Schmidt-Stra\u00dfe 16, 12489, Gesundheitsamt<\/p>\n<p class=\"tspB4l9\">\u2022\tMohnweg 20, 12524 Berlin, Grundschule Mohnweg&#13;<\/p>\n<p class=\"tspB4l9\">Bezirksb\u00fcrgermeister Oliver Igel (SPD) sagte in einem Video, das auf X ver\u00f6ffentlicht wurde, dass es in der Nacht nur wenig Notf\u00e4lle mit dringenden Angelegenheiten gegeben habe. Die Menschen in den Gebieten ohne Strom k\u00f6nnten an bis zu 15 Notfall-Standorten Hilfe erhalten und Notrufe absetzen. Das Bezirksamt sei weiterhin erreichbar und biete seine volle Unterst\u00fctzung an.<\/p>\n<p class=\"tspUez\">Empfohlener redaktioneller Inhalt<\/p>\n<p> An dieser Stelle finden Sie einen von unseren Redakteuren ausgew\u00e4hlten, externen Inhalt, der den Artikel f\u00fcr Sie mit zus\u00e4tzlichen Informationen anreichert. Sie k\u00f6nnen sich hier den externen Inhalt mit einem Klick anzeigen lassen oder wieder ausblenden. <\/p>\n<p> Externen Inhalt anzeigen <\/p>\n<p class=\"tspUe5\"> Ich bin damit einverstanden, dass mir der externe Inhalt angezeigt wird. Damit k\u00f6nnen personenbezogene Daten an Drittplattformen \u00fcbermittelt werden.  Mehr Informationen dazu erhalten Sie in den Datenschutz-Einstellungen. Diese finden Sie ganz unten auf unserer Seite im Footer, sodass Sie Ihre Einstellungen jederzeit verwalten oder widerrufen k\u00f6nnen. <\/p>\n<p class=\"tspB4l9\">Am Dienstag fr\u00fch war nach einem linksextremistischen Brandanschlag der <a href=\"https:\/\/www.tagesspiegel.de\/berlin\/dienst-fast-rum--und-ich-bin-noch-keinen-meter-gefahren-so-wirkt-sich-der-stromausfall-im-berliner-sudosten-auf-den-alltag-aus-14298932.html?icid=in-text-link_14303534\" class=\"link link--internal\" data-gtm-class=\"article-text-link\" data-gtm-val=\"internal\" target=\"_blank\" rel=\"noopener\">Strom gro\u00dffl\u00e4chig im Berliner S\u00fcdosten<\/a> ausgefallen, zun\u00e4chst waren 50.000 Haushalte betroffen. An zwei Strommasten in Johannisthal hatten die Unbekannten Feuer gelegt. <\/p>\n<p> Linksextremisten: \u201eAngriff auf milit\u00e4risch-industriellen Komplex\u201c <\/p>\n<p class=\"tspB4l9\"><a href=\"https:\/\/de.indymedia.org\/node\/537364\" target=\"_blank\" rel=\"noopener\" class=\"link link--external\" data-gtm-class=\"article-text-link\" data-gtm-val=\"external\" aria-describedby=\"message-target-blank\">Auf einer linksextremistischen Internetseite wurde ein Selbstbezichtigungsschreiben <\/a>ver\u00f6ffentlicht. Der f\u00fcr politische Delikte zust\u00e4ndige Staatsschutz im Landeskriminalamt pr\u00fcft die Echtheit des Schreibens, das mit \u201eEinige Anarchist:innen\u201c unterzeichnet ist und wortreich den \u201eAngriff auf milit\u00e4risch-industriellen Komplex\u201c zu rechtfertigen versucht. <\/p>\n<p> Senatorinnen fordern mehr Schutz f\u00fcr kritische Infrastruktur <\/p>\n<p class=\"tspB4l9\">Am Mittwoch forderten zwei Berliner Senatorinnen ein Umdenken und mehr Schutzma\u00dfnahmen. Verkehrssenatorin Ute Bonde (CDU) sagte: <strong>\u201eWir alle m\u00fcssen noch viel sensibler werden f\u00fcr die kritische Infrastruktur.\u201c <\/strong>Das betreffe nicht nur die Stromversorgung. Die Menschen sollten sich <strong>f\u00fcr Notf\u00e4lle wappnen,<\/strong> riet sie. \u201eSo, wie wir es zu Corona-Zeiten gelernt haben.\u201c Dazu geh\u00f6rten <strong>Lebensmittelvorr\u00e4te<\/strong>, aber auch <strong>Batterien <\/strong>und Akkus, um autark kommunizieren zu k\u00f6nnen.<\/p>\n<p class=\"tspB4l9\">Wissenschafts- und Gesundheitssenatorin Ina Czyborra (SPD) r\u00e4umte ein: \u201eEs geh\u00f6rt zur Wahrheit dazu, dass wir uns <strong>auf Anschl\u00e4ge und Sabotagen gezielter vorbereiten <\/strong>m\u00fcssen, um die Sicherheit f\u00fcr die Menschen in Berlin und die Infrastruktur zu gew\u00e4hrleisten.\u201c<\/p>\n<p class=\"tspB4l9\">Weiter hie\u00df es seitens Czyborra: \u201eSollte sich offiziell best\u00e4tigen, dass sich der Anschlag gegen den Technologiepark Adlershof sowie gegen Firmen und Forschungseinrichtungen gerichtet hat, m\u00fcssen wir schnell weiterf\u00fchrende Schritte in die Wege leiten.\u201c<strong> In diesem Fall habe Berlin noch \u201egro\u00dfes Gl\u00fcck\u201c gehabt.<\/strong> Aber die T\u00e4ter h\u00e4tten durch ihren Anschlag bewusst in Kauf genommen, \u201edass Menschen zu Schaden kommen und Leben gef\u00e4hrdet wird\u201c. (dpa)<\/p>\n<p class=\"tspB4l9\">In der Vergangenheit hatte es zahlreiche Anschl\u00e4ge auf Kabel der Bahn sowie Stromleitungen und Mobilfunkmasten gegeben. 2024 war ebenfalls ein Strommast angez\u00fcndet worden, um die Autofabrik Tesla zu treffen. Anfang 2025 hatten Unbekannte ebenfalls in Treptow-K\u00f6penick Kabel der Bahn angez\u00fcndet, ebenfalls aus Protest gegen Tesla.<\/p>\n<p> So laufen die Reparaturarbeiten <\/p>\n<p class=\"tspB4l9\">Am Mittwoch teilte der Betreiber Stromnetz mit: \u201eDie durch den Brand besch\u00e4digten Leitungen sind aktuell leider nicht nutzbar.\u201c In der Nacht wurden mehrere Kabel aus der Erde geholt, sie sollen am Mittwoch mit gro\u00dfen Kupplungen verbunden werden \u2013 sogenannten Muffen.<\/p>\n<p class=\"tspB4l9\">\u201eDiese Muffen sind mehr als zwei Meter gro\u00df und verbinden armdicke Kabel. Sie m\u00fcssen staubfrei montiert werden. Das ist sehr komplex und dauert etliche Stunden\u201c, so ein Sprecher. \u201eDeshalb gehen wir davon aus, dass bis Donnerstagabend wieder alle Strom haben.\u201c<\/p>\n<p><a href=\"https:\/\/www.tagesspiegel.de\/berlin\/brandanschlag-auf-stromnetz-in-berlin-bundesinnenminister-dobrindt-spricht-von-grundlich-geplanter-tat-14303699.html?icid=single-topic_14303534___\" data-gtm-class=\"article-mzt-link\" class=\"tspCBmx\" target=\"_blank\" rel=\"noopener\">Brandanschlag auf Stromnetz in Berlin Bundesinnenminister Dobrindt spricht von \u201egr\u00fcndlich geplanter Tat\u201c <\/a><\/p>\n<p class=\"tspB4l9\">Die Stra\u00dfenbahnlinien 63 und M17 sind nach Angaben der BVG weiterhin auf Abschnitten eingestellt. Die M17 f\u00e4hrt nicht zwischen den S-Bahnh\u00f6fen Sch\u00f6neweide und Adlershof, die Linie 63 nicht zwischen K\u00f6llnischer Platz und Landschaftspark Johannisthal beziehungsweise S-Bahnhof Sch\u00f6neweide. <\/p>\n<p class=\"tspB4l9\">Die S-Bahn teilte mit, dass auf den Stationen\u00a0Altglienicke und Oberspree Fahrgastinformationen, Aufz\u00fcge, Rolltreppen, Automaten und Entwerter nicht funktionieren. Nur in der Dunkelheit seien Busse eingesetzt worden, da auch die Bahnsteigbeleuchtung ausgefallen sei. Tags\u00fcber fuhren die Z\u00fcge am Dienstag und Mittwoch normal, sagte ein Bahnsprecher. <\/p>\n<p> Kein Halt in Oberspree <\/p>\n<p class=\"tspB4l9\">Am Mittwochabend teilte die S-Bahn mit, dass auf der Line S47 von 20 Uhr bis 6 Uhr am Donnerstag der Halt in Oberspree \u201enach Sabotage an Energieanlagen\u201c entfalle. Ein Ersatzverkehr mit Bussen zwischen Sch\u00f6neweide und Oberspree sei eingerichtet.<\/p>\n<p> Mehr zum Stromausfall in Berlin: <a href=\"https:\/\/www.tagesspiegel.de\/berlin\/wo-brennt-wieder-licht-wo-hat-man-netz-hier-bekommen-sie-hilfe-nach-dem-stromausfall-in-treptow-kopenick-14302802.html?icid=topic-list_14303534___\" data-gtm-class=\"article-mzt-link\" class=\"tspCBmx\" target=\"_blank\" rel=\"noopener\">Wo brennt wieder Licht, wo hat man Netz? Hier bekommen Sie Hilfe nach dem Stromausfall in Treptow-K\u00f6penick <\/a><a href=\"https:\/\/www.tagesspiegel.de\/berlin\/caterer-zum-stromausfall-in-berlin-ich-hatte-waren-im-wert-von-15000-euro-in-der-kuhlkammer-14302799.html?icid=topic-list_14303534___\" data-gtm-class=\"article-mzt-link\" class=\"tspCBmx\" target=\"_blank\" rel=\"noopener\">Caterer zum Stromausfall \u201eIch hatte Waren im Wert von 15.000 Euro in der K\u00fchlkammer\u201c <\/a><a href=\"https:\/\/www.tagesspiegel.de\/berlin\/pannen-beim-blackout-zehntausende-berliner-sind-ohne-strom--und-die-behorden-sind-uberfordert-14302025.html?icid=topic-list_14303534___\" data-gtm-class=\"article-mzt-link\" class=\"tspCBmx\" target=\"_blank\" rel=\"noopener\">Pannen beim Blackout Zehntausende Berliner ohne Strom \u2013 und die Beh\u00f6rden sind \u00fcberfordert <\/a><\/p>\n<p class=\"tspB4l9\">Der Netzbetreiber bat alle Kunden, die vom Stromausfall betroffen waren und nun wieder versorgt sind, um Mithilfe: \u201eBitte reduzieren Sie Ihren Stromverbrauch.\u201c So k\u00f6nne die Stromversorgung stabil gehalten und \u2013 wenn technisch m\u00f6glich \u2013 weitere Kunden ans Netz angeschlossen werden, hie\u00df es. Der Stromausfall in dem Gebiet dauert nun seit mehr als 24 Stunden an. (mit dpa)<\/p>\n","protected":false},"excerpt":{"rendered":"Nach dem extremistischen Brandanschlag auf das Berliner Stromnetz sind weiterhin Tausende von Menschen sowie viele Firmen und Gesch\u00e4fte&hellip;\n","protected":false},"author":2,"featured_media":412378,"comment_status":"","ping_status":"","sticky":false,"template":"","format":"standard","meta":{"footnotes":""},"categories":[1825],"tags":[296,29,2186,30,19524,5668,966,184,2185],"class_list":{"0":"post-412527","1":"post","2":"type-post","3":"status-publish","4":"format-standard","5":"has-post-thumbnail","7":"category-berlin","8":"tag-berlin","9":"tag-deutschland","10":"tag-energiewirtschaft","11":"tag-germany","12":"tag-hilfsorganisationen","13":"tag-katastrophenschutz","14":"tag-schule","15":"tag-spd","16":"tag-strom"},"share_on_mastodon":{"url":"https:\/\/pubeurope.com\/@de\/115181841990964909","error":""},"_links":{"self":[{"href":"https:\/\/www.europesays.com\/de\/wp-json\/wp\/v2\/posts\/412527","targetHints":{"allow":["GET"]}}],"collection":[{"href":"https:\/\/www.europesays.com\/de\/wp-json\/wp\/v2\/posts"}],"about":[{"href":"https:\/\/www.europesays.com\/de\/wp-json\/wp\/v2\/types\/post"}],"author":[{"embeddable":true,"href":"https:\/\/www.europesays.com\/de\/wp-json\/wp\/v2\/users\/2"}],"replies":[{"embeddable":true,"href":"https:\/\/www.europesays.com\/de\/wp-json\/wp\/v2\/comments?post=412527"}],"version-history":[{"count":0,"href":"https:\/\/www.europesays.com\/de\/wp-json\/wp\/v2\/posts\/412527\/revisions"}],"wp:featuredmedia":[{"embeddable":true,"href":"https:\/\/www.europesays.com\/de\/wp-json\/wp\/v2\/media\/412378"}],"wp:attachment":[{"href":"https:\/\/www.europesays.com\/de\/wp-json\/wp\/v2\/media?parent=412527"}],"wp:term":[{"taxonomy":"category","embeddable":true,"href":"https:\/\/www.europesays.com\/de\/wp-json\/wp\/v2\/categories?post=412527"},{"taxonomy":"post_tag","embeddable":true,"href":"https:\/\/www.europesays.com\/de\/wp-json\/wp\/v2\/tags?post=412527"}],"curies":[{"name":"wp","href":"https:\/\/api.w.org\/{rel}","templated":true}]}}