{"id":412531,"date":"2025-09-10T20:18:14","date_gmt":"2025-09-10T20:18:14","guid":{"rendered":"https:\/\/www.europesays.com\/de\/412531\/"},"modified":"2025-09-10T20:18:14","modified_gmt":"2025-09-10T20:18:14","slug":"verschollen-geglaubtes-rubens-bild-in-paris-aufgetaucht","status":"publish","type":"post","link":"https:\/\/www.europesays.com\/de\/412531\/","title":{"rendered":"Verschollen geglaubtes Rubens-Bild in Paris aufgetaucht"},"content":{"rendered":"<p>10.09.2025, 17:4910.09.2025, 17:49<\/p>\n<p><img decoding=\"async\" src=\"https:\/\/www.europesays.com\/de\/wp-content\/uploads\/2025\/09\/374308838171521.webp\" loading=\"lazy\" width=\"685\" height=\"913\" alt=\"Osenat: Rubens Gem\u00e4lde ist wiederaufgetaucht.\" data-image-id=\"374308838171521\" class=\"watson-snippet__image bg-grey-10 block h-auto w-full \"\/><\/p>\n<p>Christus am Kreuz, Peter Paul Rubens, 1613.Bild: instagram\/osenat<\/p>\n<p class=\"watson-snippet__text my-6 text-[16px] lg:text-[18px] leading-normal md:w-3\/5\">Ein verschollen geglaubtes Gem\u00e4lde des bekannten Barockmalers Peter Paul Rubens aus dem 17. Jahrhundert ist in einer Stadtvilla in Paris aufgetaucht und soll nun versteigert werden. Das Auktionshaus Osenat bietet das Gem\u00e4lde am 30. November in einer Auktion an.<\/p>\n<p class=\"watson-snippet__text my-6 text-[16px] lg:text-[18px] leading-normal md:w-3\/5\">\u00abEs ist eine extrem seltene und unglaubliche Entdeckung\u00bb, sagte Jean-Pierre Osenat im Gespr\u00e4ch mit der franz\u00f6sischen Nachrichtenagentur AFP. Er habe das Gem\u00e4lde vor einem Jahr bei der Inventur und dem Verkauf einer Pariser Stadtvilla entdeckt. Es sei anschliessend von dem deutschen Rubens-Experten Nils B\u00fcttner auf seine Echtheit \u00fcberpr\u00fcft worden. B\u00fcttner ist Vorsitzender des Centrum Rubenianum in Antwerpen, dem Zentrum f\u00fcr fl\u00e4mische Kunst des 16. und 17. Jahrhunderts, und Herausgeber des Werkverzeichnisses von Rubens.<\/p>\n<p class=\"watson-snippet__text my-6 text-[16px] lg:text-[18px] leading-normal md:w-3\/5\">Das wiedergefundene Gem\u00e4lde ist etwa 106 mal 73 Zentimeter gross und zeigt den gekreuzigten Jesus. \u00abEs ist der Beginn der Barockmalerei: Christus am Kreuz wird isoliert, leuchtend und scharf abgegrenzt vor einem dunklen und bedrohlichen Himmel dargestellt\u00bb, so beschreibt der Leiter des Auktionshauses das Werk. Im Hintergrund ist die Stadt Jerusalem zu sehen, erleuchtet, aber unter einem Gewitterhimmel.<\/p>\n<p class=\"watson-snippet__text my-6 text-[16px] lg:text-[18px] leading-normal md:w-3\/5\">Osenat erinnert sich an den Moment, an dem er das Expertenurteil erfuhr: \u00abIch bin im Rubens-Garten auf und ab gegangen, w\u00e4hrend die Experten berieten. Dann riefen sich mich an und sagten: &#8218;Jean-Pierre, wir haben einen neuen Rubens!&#8217;\u00bb, erz\u00e4hlte er.<\/p>\n<p class=\"watson-snippet__text my-6 text-[16px] lg:text-[18px] leading-normal md:w-3\/5\">Rubens habe das Gem\u00e4lde 1613 auf dem H\u00f6hepunkt seines Wirkens gemalt. Seine Spur konnte dank eines Kupferstichs zur\u00fcckverfolgt werden. Experten h\u00e4tten zudem R\u00f6ntgenaufnahmen gemacht und die Farbpigmente analysiert. Das Gem\u00e4lde sei \u00absehr gut erhalten\u00bb, sagte Osenat.<\/p>\n<p class=\"watson-snippet__text my-6 text-[16px] lg:text-[18px] leading-normal md:w-3\/5\">Rubens hatte das Gem\u00e4lde vermutlich f\u00fcr einen privaten Sammler geschaffen. Im 19. Jahrhundert befand es sich im Besitz des Malers William Bouguereau, anschliessend geh\u00f6rte es den Besitzern des Pariser Stadthauses, in dem es gefunden wurde. (sda\/afp)<\/p>\n<p>Die 10 ber\u00fchmtesten Gem\u00e4lde der Welt<\/p>\n<p>1 \/ 12<\/p>\n<p>Die 10 ber\u00fchmtesten Gem\u00e4lde der Welt<\/p>\n<p>10. Die Erschaffung Adams \u2013 Michelangelo, 1508 bis 1512, Sixtinische Kapelle (Vatikanstadt\/Rom). (Quelle: CNN Style\/Google) <\/p>\n<p>quelle: wikimedia<\/p>\n<p><a href=\"\" target=\"_blank\" aria-label=\"Auf Facebook teilen\" class=\"watson-sharebar__panel__icons-fb mr-2\"><img decoding=\"async\" src=\"https:\/\/www.europesays.com\/de\/wp-content\/uploads\/2025\/04\/facebook.png\" alt=\"Auf Facebook teilen\" width=\"20\" height=\"20\" loading=\"lazy\" class=\"h-5 w-auto lg:h-4\"\/><\/a><a href=\"\" target=\"_blank\" aria-label=\"Auf X teilen\" class=\"watson-sharebar__panel__icons-tw mr-2\"><img decoding=\"async\" src=\"https:\/\/www.watson.ch\/_watsui\/static\/img\/socialicons\/icon_filled_x.svg\" alt=\"Auf X teilen\" width=\"20\" height=\"20\" loading=\"lazy\" class=\"h-4 w-auto lg:h-3\"\/><\/a><\/p>\n<p>Das steckt hinter den viralen KI-animierten Gem\u00e4lden<\/p>\n<p>Video: watson<\/p>\n<p>Das k\u00f6nnte dich auch noch interessieren:<\/p>\n<p>        <a href=\"https:\/\/www.watson.ch\/international\/polen\/930385563-russischer-diplomat-dementiert-polens-drohnenvorwuerfe\" aria-label=\"Zur Story\" class=\"watson-next-story__link absolute inset-0 z-10\" rel=\"nofollow noopener\" target=\"_blank\"><\/p>\n<p>Ein russischer Diplomat hat den Vorwurf einer Luftraumverletzung Polens durch Drohnen seines Landes zur\u00fcckgewiesen.<\/p>\n","protected":false},"excerpt":{"rendered":"10.09.2025, 17:4910.09.2025, 17:49 Christus am Kreuz, Peter Paul Rubens, 1613.Bild: instagram\/osenat Ein verschollen geglaubtes Gem\u00e4lde des bekannten Barockmalers&hellip;\n","protected":false},"author":2,"featured_media":412532,"comment_status":"","ping_status":"","sticky":false,"template":"","format":"standard","meta":{"footnotes":""},"categories":[1775],"tags":[1793,29,214,30,1794,215],"class_list":{"0":"post-412531","1":"post","2":"type-post","3":"status-publish","4":"format-standard","5":"has-post-thumbnail","7":"category-kunst-und-design","8":"tag-art-and-design","9":"tag-deutschland","10":"tag-entertainment","11":"tag-germany","12":"tag-kunst-und-design","13":"tag-unterhaltung"},"share_on_mastodon":{"url":"https:\/\/pubeurope.com\/@de\/115181853962011210","error":""},"_links":{"self":[{"href":"https:\/\/www.europesays.com\/de\/wp-json\/wp\/v2\/posts\/412531","targetHints":{"allow":["GET"]}}],"collection":[{"href":"https:\/\/www.europesays.com\/de\/wp-json\/wp\/v2\/posts"}],"about":[{"href":"https:\/\/www.europesays.com\/de\/wp-json\/wp\/v2\/types\/post"}],"author":[{"embeddable":true,"href":"https:\/\/www.europesays.com\/de\/wp-json\/wp\/v2\/users\/2"}],"replies":[{"embeddable":true,"href":"https:\/\/www.europesays.com\/de\/wp-json\/wp\/v2\/comments?post=412531"}],"version-history":[{"count":0,"href":"https:\/\/www.europesays.com\/de\/wp-json\/wp\/v2\/posts\/412531\/revisions"}],"wp:featuredmedia":[{"embeddable":true,"href":"https:\/\/www.europesays.com\/de\/wp-json\/wp\/v2\/media\/412532"}],"wp:attachment":[{"href":"https:\/\/www.europesays.com\/de\/wp-json\/wp\/v2\/media?parent=412531"}],"wp:term":[{"taxonomy":"category","embeddable":true,"href":"https:\/\/www.europesays.com\/de\/wp-json\/wp\/v2\/categories?post=412531"},{"taxonomy":"post_tag","embeddable":true,"href":"https:\/\/www.europesays.com\/de\/wp-json\/wp\/v2\/tags?post=412531"}],"curies":[{"name":"wp","href":"https:\/\/api.w.org\/{rel}","templated":true}]}}