{"id":412742,"date":"2025-09-10T22:13:17","date_gmt":"2025-09-10T22:13:17","guid":{"rendered":"https:\/\/www.europesays.com\/de\/412742\/"},"modified":"2025-09-10T22:13:17","modified_gmt":"2025-09-10T22:13:17","slug":"putin-fuehlt-sich-stark-genug-um-keine-ruecksicht-mehr-auf-trump-zu-nehmen-meinung","status":"publish","type":"post","link":"https:\/\/www.europesays.com\/de\/412742\/","title":{"rendered":"\ufeffPutin f\u00fchlt sich stark genug, um keine R\u00fccksicht mehr auf Trump zu nehmen &#8211; Meinung"},"content":{"rendered":"<p data-manual=\"teaserText\" data-schema-org-speakable=\"true\">Nichts von dem, was nach dem Gipfel der beiden Pr\u00e4sidenten in Alaska als Erfolg verkauft wurde, hat noch irgendwie Bestand. Russlands Pr\u00e4sident verfolgt eine langfristige Strategie.<\/p>\n<p data-manual=\"paragraph\" data-schema-org-speakable=\"true\" class=\"css-st2g6x\">Lange erschien es so, als hinge Frieden in der <a href=\"https:\/\/www.sueddeutsche.de\/thema\/Ukraine\" rel=\"nofollow noopener\" target=\"_blank\">Ukraine<\/a> von den Egos zweier M\u00e4nner ab. Als g\u00e4be es eine Art schrecklicher Balance zwischen Donald Trumps Launenhaftigkeit und Wladimir Putins Skrupellosigkeit. Als komme es lediglich darauf an, was am Ende schwerer wiegt: W\u00fcrde Trumps \u00c4rger \u00fcber Putins Unbeweglichkeit ihn dazu treiben, sich mit Macht gegen <a href=\"https:\/\/www.sueddeutsche.de\/thema\/Russland\" rel=\"nofollow noopener\" target=\"_blank\">Russland<\/a> zu stellen? Oder w\u00fcrde Putins Hinhaltetaktik aufgehen und ein entnervter Trump die Ukraine ihrem Schicksal \u00fcberlassen?<\/p>\n","protected":false},"excerpt":{"rendered":"Nichts von dem, was nach dem Gipfel der beiden Pr\u00e4sidenten in Alaska als Erfolg verkauft wurde, hat noch&hellip;\n","protected":false},"author":2,"featured_media":412743,"comment_status":"","ping_status":"","sticky":false,"template":"","format":"standard","meta":{"footnotes":""},"categories":[4012],"tags":[331,332,147,227,13,148,3074,14,15,307,12,149,317,64,306],"class_list":{"0":"post-412742","1":"post","2":"type-post","3":"status-publish","4":"format-standard","5":"has-post-thumbnail","7":"category-ukraine","8":"tag-aktuelle-nachrichten","9":"tag-aktuelle-news","10":"tag-ausland","11":"tag-china","12":"tag-headlines","13":"tag-leserdiskussion","14":"tag-meinung","15":"tag-nachrichten","16":"tag-news","17":"tag-russland","18":"tag-schlagzeilen","19":"tag-sueddeutsche-zeitung","20":"tag-ukraine","21":"tag-usa","22":"tag-wladimir-putin"},"share_on_mastodon":{"url":"https:\/\/pubeurope.com\/@de\/115182306548729773","error":""},"_links":{"self":[{"href":"https:\/\/www.europesays.com\/de\/wp-json\/wp\/v2\/posts\/412742","targetHints":{"allow":["GET"]}}],"collection":[{"href":"https:\/\/www.europesays.com\/de\/wp-json\/wp\/v2\/posts"}],"about":[{"href":"https:\/\/www.europesays.com\/de\/wp-json\/wp\/v2\/types\/post"}],"author":[{"embeddable":true,"href":"https:\/\/www.europesays.com\/de\/wp-json\/wp\/v2\/users\/2"}],"replies":[{"embeddable":true,"href":"https:\/\/www.europesays.com\/de\/wp-json\/wp\/v2\/comments?post=412742"}],"version-history":[{"count":0,"href":"https:\/\/www.europesays.com\/de\/wp-json\/wp\/v2\/posts\/412742\/revisions"}],"wp:featuredmedia":[{"embeddable":true,"href":"https:\/\/www.europesays.com\/de\/wp-json\/wp\/v2\/media\/412743"}],"wp:attachment":[{"href":"https:\/\/www.europesays.com\/de\/wp-json\/wp\/v2\/media?parent=412742"}],"wp:term":[{"taxonomy":"category","embeddable":true,"href":"https:\/\/www.europesays.com\/de\/wp-json\/wp\/v2\/categories?post=412742"},{"taxonomy":"post_tag","embeddable":true,"href":"https:\/\/www.europesays.com\/de\/wp-json\/wp\/v2\/tags?post=412742"}],"curies":[{"name":"wp","href":"https:\/\/api.w.org\/{rel}","templated":true}]}}