{"id":412959,"date":"2025-09-11T00:13:11","date_gmt":"2025-09-11T00:13:11","guid":{"rendered":"https:\/\/www.europesays.com\/de\/412959\/"},"modified":"2025-09-11T00:13:11","modified_gmt":"2025-09-11T00:13:11","slug":"rueckschlag-wieder-mehr-menschen-ohne-strom","status":"publish","type":"post","link":"https:\/\/www.europesays.com\/de\/412959\/","title":{"rendered":"R\u00fcckschlag \u2013 wieder mehr Menschen ohne Strom"},"content":{"rendered":"<p class=\"text-18 leading-17\">Die mutma\u00dflichen T\u00e4ter schrieben: &#8222;Zwei 110-kV-Strommasten in der K\u00f6nigsheide in Johannisthal wurden durch Brandstiftung der Saft abgedreht und damit ein Blackout im Technologiepark verursacht.&#8220; Dort seien Firmen und Forschung aus den Bereichen IT, Robotik, Bio- und Nanotechnologie, Raumfahrt, <a class=\"transition-colors duration-200 cursor-pointer text-inherit no-underline text-salemsfur md:hover:text-magenta md:hover:border-magenta md:focus:text-magenta border-current border-b border-solid break-words\" href=\"https:\/\/www.t-online.de\/themen\/kuenstliche-intelligenz\/\" data-sctrack=\"BodyAnchor\" rel=\"nofollow noopener\" target=\"_blank\">KI<\/a>, Sicherheits- und R\u00fcstungsindustrie vertreten.<\/p>\n<p class=\"text-18 leading-17\">Polizei und Feuerwehr meldeten keine gr\u00f6\u00dferen Zwischenf\u00e4lle aus der Nacht. Ein Feuerwehrsprecher wies darauf hin, dass die Notrufnummer 112 weiterhin eingeschr\u00e4nkt erreichbar sein k\u00f6nnte. Die 15 Notruf-Annahmestellen im betroffenen Gebiet bleiben besetzt. Die Feuerwehr stellte am Dienstag vier Katastrophenschutz-Leuchtt\u00fcrme auf, wo Anwohner ihre Handys aufladen und Informationen erhalten k\u00f6nnen.<\/p>\n<p class=\"text-18 leading-17\">Die Polizei forderte dazu auf, sich in dringenden Notf\u00e4llen alternativ direkt an die n\u00e4chstgelegene Wache zu wenden. Au\u00dferdem warnte sie: &#8222;Kochen Sie niemals mit dem Grill oder Campingkochern in geschlossenen R\u00e4umen. Vorsicht beim Umgang mit Kerzen. Lassen Sie diese zu keinem Zeitpunkt unbeaufsichtigt. Nutzen Sie, wenn m\u00f6glich, Taschenlampen.&#8220;<\/p>\n<p class=\"text-18 leading-17\">Auch Verkehrssenatorin Ute Bonde (CDU) \u00e4u\u00dferte sich. Die Senatorin r\u00e4t den B\u00fcrgern, sich f\u00fcr Notf\u00e4lle zu wappnen: &#8222;So wie wir es zu Corona-Zeiten gelernt haben.&#8220; Dazu z\u00e4hlten Lebensmittelvorr\u00e4te sowie Batterien und Akkus f\u00fcr die autarke Kommunikation.<\/p>\n<p class=\"text-18 leading-17\">Der aktuelle Vorfall erinnert an einen \u00e4hnlichen Zwischenfall aus dem Jahr 2019. Damals f\u00fchrte ein besch\u00e4digtes Kabel zu einem gro\u00dffl\u00e4chigen Stromausfall in K\u00f6penick, der mehr als 30.000 Haushalte betraf und \u00fcber 30 Stunden andauerte. Allerdings war die damalige Ursache ein Arbeitsunfall und kein gezielter Sabotageakt.<\/p>\n","protected":false},"excerpt":{"rendered":"Die mutma\u00dflichen T\u00e4ter schrieben: &#8222;Zwei 110-kV-Strommasten in der K\u00f6nigsheide in Johannisthal wurden durch Brandstiftung der Saft abgedreht und&hellip;\n","protected":false},"author":2,"featured_media":412960,"comment_status":"","ping_status":"","sticky":false,"template":"","format":"standard","meta":{"footnotes":""},"categories":[1825],"tags":[3176,10194,1941,1939,296,1937,12941,29,30,1109,108724,31731,1940,1938,121,966,184,5667,31428,27609],"class_list":{"0":"post-412959","1":"post","2":"type-post","3":"status-publish","4":"format-standard","5":"has-post-thumbnail","7":"category-berlin","8":"tag-3176","9":"tag-adlershof","10":"tag-aktuelle-nachrichten-aus-berlin","11":"tag-aktuelle-news-aus-berlin","12":"tag-berlin","13":"tag-berlin-news","14":"tag-brandanschlag","15":"tag-deutschland","16":"tag-germany","17":"tag-haushalt","18":"tag-johannisthal","19":"tag-koepenick","20":"tag-nachrichten-aus-berlin","21":"tag-news-aus-berlin","22":"tag-polizei","23":"tag-schule","24":"tag-spd","25":"tag-stromausfall","26":"tag-strommast","27":"tag-suedosten"},"share_on_mastodon":{"url":"https:\/\/pubeurope.com\/@de\/115182777862543809","error":""},"_links":{"self":[{"href":"https:\/\/www.europesays.com\/de\/wp-json\/wp\/v2\/posts\/412959","targetHints":{"allow":["GET"]}}],"collection":[{"href":"https:\/\/www.europesays.com\/de\/wp-json\/wp\/v2\/posts"}],"about":[{"href":"https:\/\/www.europesays.com\/de\/wp-json\/wp\/v2\/types\/post"}],"author":[{"embeddable":true,"href":"https:\/\/www.europesays.com\/de\/wp-json\/wp\/v2\/users\/2"}],"replies":[{"embeddable":true,"href":"https:\/\/www.europesays.com\/de\/wp-json\/wp\/v2\/comments?post=412959"}],"version-history":[{"count":0,"href":"https:\/\/www.europesays.com\/de\/wp-json\/wp\/v2\/posts\/412959\/revisions"}],"wp:featuredmedia":[{"embeddable":true,"href":"https:\/\/www.europesays.com\/de\/wp-json\/wp\/v2\/media\/412960"}],"wp:attachment":[{"href":"https:\/\/www.europesays.com\/de\/wp-json\/wp\/v2\/media?parent=412959"}],"wp:term":[{"taxonomy":"category","embeddable":true,"href":"https:\/\/www.europesays.com\/de\/wp-json\/wp\/v2\/categories?post=412959"},{"taxonomy":"post_tag","embeddable":true,"href":"https:\/\/www.europesays.com\/de\/wp-json\/wp\/v2\/tags?post=412959"}],"curies":[{"name":"wp","href":"https:\/\/api.w.org\/{rel}","templated":true}]}}