{"id":413910,"date":"2025-09-11T08:56:11","date_gmt":"2025-09-11T08:56:11","guid":{"rendered":"https:\/\/www.europesays.com\/de\/413910\/"},"modified":"2025-09-11T08:56:11","modified_gmt":"2025-09-11T08:56:11","slug":"bergischer-zukunftspreis-fuer-josef-beutelmann-ein-lebenswerk-mit-wirkung","status":"publish","type":"post","link":"https:\/\/www.europesays.com\/de\/413910\/","title":{"rendered":"Bergischer Zukunftspreis f\u00fcr Josef Beutelmann: Ein Lebenswerk mit Wirkung"},"content":{"rendered":"<p class=\"text_ohne_einzug richtext text-em-55 !leading-serif mx-6 desktop:mx-0\">Eine Mischung aus Demut und Stolz sp\u00fcrt man, wenn Josef Beutelmann \u00fcber die zur\u00fcckliegenden Jahre spricht. 1949 wurde der heute 76-J\u00e4hrige in Nordkirchen im M\u00fcnsterland geboren \u2013 heute hat der Versicherungskaufmann ein Berufsleben hinter sich, in dem die Barmenia und das Bergische Land eine tragende Rolle spielen. Aufgrund all seiner Verdienste und Errungenschaften erh\u00e4lt er nun den Bergischen Zukunftspreis f\u00fcr sein Lebenswerk \u2013 eine Auszeichnung f\u00fcr \u00fcber sechs Jahrzehnte unerm\u00fcdlichen Einsatz.<\/p>\n","protected":false},"excerpt":{"rendered":"Eine Mischung aus Demut und Stolz sp\u00fcrt man, wenn Josef Beutelmann \u00fcber die zur\u00fcckliegenden Jahre spricht. 1949 wurde&hellip;\n","protected":false},"author":2,"featured_media":413911,"comment_status":"","ping_status":"","sticky":false,"template":"","format":"standard","meta":{"footnotes":""},"categories":[1840],"tags":[109203,20276,16314,109204,3364,20051,29,553,30,21858,3414,11047,8970,45568,109205,1209,4418,98445],"class_list":{"0":"post-413910","1":"post","2":"type-post","3":"status-publish","4":"format-standard","5":"has-post-thumbnail","7":"category-wuppertal","8":"tag-barmenia","9":"tag-bergische","10":"tag-bergischen","11":"tag-beutelmann","12":"tag-de","13":"tag-deutschen","14":"tag-deutschland","15":"tag-familie","16":"tag-germany","17":"tag-josef","18":"tag-land","19":"tag-lebenswerk","20":"tag-muenster","21":"tag-muensterland","22":"tag-muensterlaender","23":"tag-nordrhein-westfalen","24":"tag-wuppertal","25":"tag-zukunftspreis"},"share_on_mastodon":{"url":"https:\/\/pubeurope.com\/@de\/115184834064948064","error":""},"_links":{"self":[{"href":"https:\/\/www.europesays.com\/de\/wp-json\/wp\/v2\/posts\/413910","targetHints":{"allow":["GET"]}}],"collection":[{"href":"https:\/\/www.europesays.com\/de\/wp-json\/wp\/v2\/posts"}],"about":[{"href":"https:\/\/www.europesays.com\/de\/wp-json\/wp\/v2\/types\/post"}],"author":[{"embeddable":true,"href":"https:\/\/www.europesays.com\/de\/wp-json\/wp\/v2\/users\/2"}],"replies":[{"embeddable":true,"href":"https:\/\/www.europesays.com\/de\/wp-json\/wp\/v2\/comments?post=413910"}],"version-history":[{"count":0,"href":"https:\/\/www.europesays.com\/de\/wp-json\/wp\/v2\/posts\/413910\/revisions"}],"wp:featuredmedia":[{"embeddable":true,"href":"https:\/\/www.europesays.com\/de\/wp-json\/wp\/v2\/media\/413911"}],"wp:attachment":[{"href":"https:\/\/www.europesays.com\/de\/wp-json\/wp\/v2\/media?parent=413910"}],"wp:term":[{"taxonomy":"category","embeddable":true,"href":"https:\/\/www.europesays.com\/de\/wp-json\/wp\/v2\/categories?post=413910"},{"taxonomy":"post_tag","embeddable":true,"href":"https:\/\/www.europesays.com\/de\/wp-json\/wp\/v2\/tags?post=413910"}],"curies":[{"name":"wp","href":"https:\/\/api.w.org\/{rel}","templated":true}]}}