{"id":413920,"date":"2025-09-11T09:01:15","date_gmt":"2025-09-11T09:01:15","guid":{"rendered":"https:\/\/www.europesays.com\/de\/413920\/"},"modified":"2025-09-11T09:01:15","modified_gmt":"2025-09-11T09:01:15","slug":"deutsche-reeder-melden-deutlich-mehr-hybride-angriffe-in-der-ostsee","status":"publish","type":"post","link":"https:\/\/www.europesays.com\/de\/413920\/","title":{"rendered":"Deutsche Reeder melden deutlich mehr hybride Angriffe in der Ostsee"},"content":{"rendered":"<p class=\"tspB4l9 tspB4ma\">Der h\u00f6chste Soldat der deutschen Seestreitkr\u00e4fte hatte gerade erst vor massiven Aussp\u00e4haktionen durch ausl\u00e4ndische Staaten gewarnt. \u201eWir haben Eindringversuche und Sabotageversuche\u201c, <a href=\"https:\/\/www.tagesspiegel.de\/politik\/kleiner-wake-up-call-marineinspekteur-bestatigt-sabotageversuche-und-ausspahaktionen-gegen-bundeswehr-14250347.html?icid=in-text-link_14310659\" class=\"link link--internal\" data-gtm-class=\"article-text-link\" data-gtm-val=\"internal\" target=\"_blank\" rel=\"noopener\">sagte <strong>Marineinspekteur Jan Christian Kaack<\/strong><\/a> in einem Interview<strong>. Doch Aktionen in der Ostsee richten sich nicht nur gegen das Milit\u00e4r.<\/strong><\/p>\n<p class=\"tspB4l9\">Auch<strong> die deutschen Reeder<\/strong> verzeichnen einem Bericht zufolge<strong> <\/strong>einen starken Anstieg absichtlicher St\u00f6rungen der Navigationssysteme ihrer Schiffe in der Ostsee. Auf dem viel befahrenen Gew\u00e4sser sind j\u00e4hrlich rund 60.000 Schiffe unterwegs.\u00a0<\/p>\n<p>Ukraine-Update<\/p>\n<p class=\"tspCMod\"> Mit unserem Update-Newsletter zum Ukraine-Krieg erhalten Sie aktuelle Nachrichten, wichtige Hintergr\u00fcnde und exklusive Analysen von den Expertinnen und Experten des Tagesspiegels. <\/p>\n<p class=\"tspB4l9\">\u201eDie Zahl hybrider Angriffe auf die Handelsschifffahrt nimmt sp\u00fcrbar zu und ist eine gro\u00dfe sicherheitstechnische Herausforderung f\u00fcr Reedereien\u201c, sagte <strong>Martin Kr\u00f6ger, Hauptgesch\u00e4ftsf\u00fchrer des Verbands Deutscher Reeder<\/strong>, <a href=\"https:\/\/www.spiegel.de\/wirtschaft\/gps-angriffe-auf-reeder-hybride-angriffe-auf-schiffe-in-der-ostsee-nehmen-zu-a-e21ec408-b1de-4a8a-81bb-9316919c13b0\" target=\"_blank\" rel=\"noopener\" class=\"link link--external\" data-gtm-class=\"article-text-link\" data-gtm-val=\"external\" aria-describedby=\"message-target-blank\">dem \u201eSpiegel\u201c<\/a>. Mitgliedsunternehmen meldeten mittlerweile \u201ebeinahe t\u00e4glich\u201c Vorf\u00e4lle.<\/p>\n<blockquote class=\"tspB8mo\">\n<p>Die Entwicklung ist alarmierend.<\/p>\n<\/blockquote>\n<p class=\"tspB8mp\"><strong>Martin Kr\u00f6ger, <\/strong>Hauptgesch\u00e4ftsf\u00fchrer des Verbands Deutscher Reeder<\/p>\n<p class=\"tspB4l9\">Seit dem \u00dcberfall <strong>der Truppen des russischen Machthabers Wladimir Putin<\/strong> auf die Ukraine 2022 gebe es \u201eeine deutliche Zunahme\u201c, auch in deutschen Gew\u00e4ssern. Die Herkunft lasse sich nur schwer eindeutig nachweisen.<\/p>\n<p><img decoding=\"async\" src=\"https:\/\/www.europesays.com\/de\/wp-content\/uploads\/2025\/09\/vdr-hauptgeschaftsfuhrer-dr-martin-kroger.jpeg\"   alt=\"\" aria-labelledby=\"caption-10463437\" width=\"440\" height=\"330\" loading=\"lazy\" class=\"tspAVhx\"\/> Martin Kr\u00f6ger ist Hauptgesch\u00e4ftsf\u00fchrer des Verbands Deutscher Reeder. <\/p>\n<p class=\"tspAGge\"> \u00a9 vdr <\/p>\n<p class=\"tspB4l9\"><strong>Attacken gebe es mit St\u00f6rsendern, aber auch durch Cyberangriffe <\/strong>auf das Navigationssystem GPS oder das automatische Identifikationssystem AIS, das Position, Kurs und Geschwindigkeit an andere Schiffe \u00fcbermittelt. Durch die Manipulationen und Ausf\u00e4lle der Systeme drohten Navigationsdaten unbrauchbar oder Schiffe f\u00fcr andere unsichtbar zu werden.<\/p>\n<p class=\"tspB4l9\">Kr\u00f6ger warnte vor einer Gefahr von Grundber\u00fchrungen oder Kollisionen: \u201eSelbst wenn das eigene Navigationssystem noch korrekt funktioniert, k\u00f6nnen Manipulationen an den Systemen anderer Schiffe<strong> zu gef\u00e4hrlichen Fehleinsch\u00e4tzungen<\/strong> f\u00fchren.\u201c<\/p>\n<p class=\"tspB4l9\">Technisch lassen sich die Angriffe nicht vollst\u00e4ndig unterbinden. Um Havarien zu verhindern, m\u00fcssen die Reedereien Kr\u00f6ger zufolge inzwischen<strong> verst\u00e4rkt auf alternative Navigationsmittel wie Radar, Kompass oder visuelle Peilungen<\/strong> zur\u00fcckgreifen. \u201eDie Entwicklung ist alarmierend, und leider spricht wenig daf\u00fcr, dass sich die Lage in naher Zukunft entspannen wird.\u201c<\/p>\n<p class=\"tspB4l9\"><strong>Der britische Marineexperte und Autor H.I. Sutton<\/strong>\u00a0geht dem Bericht zufolge davon aus, dass ein Teil der Aktionen eher \u201edefensiver Natur\u201c sei und wahrscheinlich die russischen Streitkr\u00e4fte vor Drohnenangriffen sch\u00fctzen solle. Dar\u00fcber hinaus gebe es jedoch auch Attacken, die geografisch deutlich weiter entfernt passierten und auf einen eher offensiven Zweck hindeuteten, um die Navigation in Nord- und Westeuropa zu st\u00f6ren, so  Sutton.<\/p>\n<p> Bundeswehr spricht von \u201eaggressivem Verhalten Russlands\u201c <\/p>\n<p class=\"tspB4l9\">Durch die Angriffe k\u00f6nnten auch bereits erstellte Datenprotokolle \u00fcber Positionen von Schiffen manipuliert werden. Sutton spricht demnach von einer Form hybrider Kriegsf\u00fchrung.<\/p>\n<p> Das k\u00f6nnte Sie auch interessieren <a href=\"https:\/\/www.tagesspiegel.de\/internationales\/kiew-offnet-die-grenze-fur-junge-manner-was-bedeutet-der-erlass-fur-die-ukraine-und-die-lage-an-der-front-14293436.html?icid=topic-list_14310659___\" data-gtm-class=\"article-mzt-link\" class=\"tspCBmx\" target=\"_blank\" rel=\"noopener\">Kiew \u00f6ffnet die Grenze f\u00fcr junge M\u00e4nner Was bedeutet der Erlass f\u00fcr die Ukraine und die Lage an der Front? <\/a><a href=\"https:\/\/www.tagesspiegel.de\/internationales\/ukraine-invasion-tag-1289-welche-effekte-sich-die-europaer-von-der-geplanten-friedensarmee-erhoffen-14285369.html?icid=topic-list_14310659___\" data-gtm-class=\"article-mzt-link\" class=\"tspCBmx\" target=\"_blank\" rel=\"noopener\">Ukraine-Invasion, Tag 1289 Welche Effekte sich die Europ\u00e4er von der geplanten Friedensarmee erhoffen <\/a><a href=\"https:\/\/www.tagesspiegel.de\/gesellschaft\/bundesweiter-warntag-2025-heute-schlagen-handys-und-sirenen-alarm--womit-sie-rechnen-mussen-14305997.html?icid=topic-list_14310659___\" data-gtm-class=\"article-mzt-link\" class=\"tspCBmx\" target=\"_blank\" rel=\"noopener\">Bundesweiter Warntag 2025 Heute schlagen Handys und Sirenen Alarm \u2013 womit Sie rechnen m\u00fcssen <\/a><\/p>\n<p class=\"tspB4l9\">Anfang September hatte auch die Bundeswehr vor zunehmenden bedrohlicheren milit\u00e4rischen Aktionen Russlands in der Ostsee gewarnt. <a href=\"https:\/\/www.tagesspiegel.de\/politik\/putin-schaut-auf-uns-generalinspekteur-breuer-betont-wichtigkeit-der-abschreckung-14258690.html?icid=in-text-link_14310659\" class=\"link link--internal\" data-gtm-class=\"article-text-link\" data-gtm-val=\"internal\" target=\"_blank\" rel=\"noopener\"><strong>Generalinspekteur Carsten Breuer<\/strong><\/a> sprach in Berlin von einem \u201eaggressiven Verhalten Russlands\u201c, mit dem Gebietsanspr\u00fcche untermauert werden sollten. \u201eDie Bedrohung ist unver\u00e4ndert\u201c, sagte Breuer. Putin \u201eschaut auf uns und seine Pl\u00e4ne gehen \u00fcber die Ukraine hinaus\u201c. Deutschland m\u00fcsse daher weiter abschrecken.<\/p>\n<p class=\"tspB4l9\">Kaack warf Russland erneut \u201eSabotage, Spionage und zunehmend aggressiveres Auftreten auf See\u201c vor. \u201eDas k\u00f6nnen wir so nicht hinnehmen und das werden wir nicht hinnehmen\u201c, sagte er. (lem)<\/p>\n","protected":false},"excerpt":{"rendered":"Der h\u00f6chste Soldat der deutschen Seestreitkr\u00e4fte hatte gerade erst vor massiven Aussp\u00e4haktionen durch ausl\u00e4ndische Staaten gewarnt. \u201eWir haben&hellip;\n","protected":false},"author":2,"featured_media":413921,"comment_status":"","ping_status":"","sticky":false,"template":"","format":"standard","meta":{"footnotes":""},"categories":[4012],"tags":[331,332,685,5691,13,14,15,307,12,317,306],"class_list":{"0":"post-413920","1":"post","2":"type-post","3":"status-publish","4":"format-standard","5":"has-post-thumbnail","7":"category-ukraine","8":"tag-aktuelle-nachrichten","9":"tag-aktuelle-news","10":"tag-bundeswehr","11":"tag-digitalisierung-ki","12":"tag-headlines","13":"tag-nachrichten","14":"tag-news","15":"tag-russland","16":"tag-schlagzeilen","17":"tag-ukraine","18":"tag-wladimir-putin"},"share_on_mastodon":{"url":"https:\/\/pubeurope.com\/@de\/115184854261592806","error":""},"_links":{"self":[{"href":"https:\/\/www.europesays.com\/de\/wp-json\/wp\/v2\/posts\/413920","targetHints":{"allow":["GET"]}}],"collection":[{"href":"https:\/\/www.europesays.com\/de\/wp-json\/wp\/v2\/posts"}],"about":[{"href":"https:\/\/www.europesays.com\/de\/wp-json\/wp\/v2\/types\/post"}],"author":[{"embeddable":true,"href":"https:\/\/www.europesays.com\/de\/wp-json\/wp\/v2\/users\/2"}],"replies":[{"embeddable":true,"href":"https:\/\/www.europesays.com\/de\/wp-json\/wp\/v2\/comments?post=413920"}],"version-history":[{"count":0,"href":"https:\/\/www.europesays.com\/de\/wp-json\/wp\/v2\/posts\/413920\/revisions"}],"wp:featuredmedia":[{"embeddable":true,"href":"https:\/\/www.europesays.com\/de\/wp-json\/wp\/v2\/media\/413921"}],"wp:attachment":[{"href":"https:\/\/www.europesays.com\/de\/wp-json\/wp\/v2\/media?parent=413920"}],"wp:term":[{"taxonomy":"category","embeddable":true,"href":"https:\/\/www.europesays.com\/de\/wp-json\/wp\/v2\/categories?post=413920"},{"taxonomy":"post_tag","embeddable":true,"href":"https:\/\/www.europesays.com\/de\/wp-json\/wp\/v2\/tags?post=413920"}],"curies":[{"name":"wp","href":"https:\/\/api.w.org\/{rel}","templated":true}]}}